{"id":22080,"date":"2018-01-09T12:36:47","date_gmt":"2018-01-09T15:36:47","guid":{"rendered":"http:\/\/actualidadadiario.com\/site\/?p=22080"},"modified":"2018-11-06T19:50:22","modified_gmt":"2018-11-06T22:50:22","slug":"la-cerealera-cargill-abrio-retiros-voluntarios-en-santa-fe","status":"publish","type":"post","link":"https:\/\/www.actualidadadiario.com\/index.php\/2018\/01\/09\/la-cerealera-cargill-abrio-retiros-voluntarios-en-santa-fe\/","title":{"rendered":"La cerealera Cargill abri\u00f3 retiros voluntarios en Santa Fe"},"content":{"rendered":"<p><em><strong>Ante la denuncia del gremio sobre &#8220;despidos encubiertos&#8221; la compa\u00f1\u00eda dijo que atraviesa un plan de transformaci\u00f3n<\/strong><\/em><\/p>\n<p>&nbsp;<\/p>\n<p>&nbsp;<\/p>\n<p>&nbsp;<\/p>\n<p>La empresa exportadora de cereales Cargill abri\u00f3 un plan de retiros voluntarios y ante la denuncia del gremio sobre &#8220;despidos encubiertos&#8221; la compa\u00f1\u00eda dijo que atraviesa un plan de transformaci\u00f3n.<\/p>\n<p>&nbsp;<\/p>\n<p>El secretario general del Sindicato de Aceiteros de San Lorenzo, Pablo Reghera, dijo que recibi\u00f3 un llamado de Marcelo Patriarca, CEO de Cargill, quien le inform\u00f3 sobre la apertura de los programas de retiro.<\/p>\n<p>&nbsp;<\/p>\n<p>El sindicalista indic\u00f3 que los trabajadores se declararon en estado de alerta debido a la incertidumbre que se gener\u00f3 porque la empresa no precis\u00f3 cu\u00e1ntos retiros pretende en pos de su transformaci\u00f3n.<\/p>\n<p>&nbsp;<\/p>\n<p>La planta de la firma multinacional est\u00e1 en Puerto General San Mart\u00edn, una localidad portuaria del departamento San Lorenzo, en la provincia de Santa Fe, sobre la ribera oeste del r\u00edo Paran\u00e1, a 330 kil\u00f3metros al noroeste de Buenos Aires.<\/p>\n<p>&nbsp;<\/p>\n<p>Seg\u00fan dijo el gremio, el ofrecimiento de la empresa agroindustrial contempla el pago del ciento por ciento del valor indemnizatorio.<\/p>\n","protected":false},"excerpt":{"rendered":"<p>Ante la denuncia del gremio sobre &#8220;despidos encubiertos&#8221; la compa\u00f1\u00eda dijo que atraviesa un plan de transformaci\u00f3n &nbsp; &nbsp; &nbsp; La empresa exportadora de cereales Cargill abri\u00f3 un plan de retiros voluntarios y ante la denuncia del gremio sobre &#8220;despidos encubiertos&#8221; la compa\u00f1\u00eda dijo que atraviesa un plan de transformaci\u00f3n. &nbsp; El secretario general del Sindicato de Aceiteros de San Lorenzo, Pablo Reghera, dijo que recibi\u00f3 un llamado de Marcelo Patriarca, CEO de Cargill, quien le inform\u00f3 sobre la apertura de los programas de retiro. &nbsp; El sindicalista indic\u00f3 que&#8230;<\/p>\n","protected":false},"author":3,"featured_media":22081,"comment_status":"closed","ping_status":"closed","sticky":false,"template":"","format":"standard","meta":[],"categories":[2],"tags":[],"_links":{"self":[{"href":"https:\/\/www.actualidadadiario.com\/index.php\/wp-json\/wp\/v2\/posts\/22080"}],"collection":[{"href":"https:\/\/www.actualidadadiario.com\/index.php\/wp-json\/wp\/v2\/posts"}],"about":[{"href":"https:\/\/www.actualidadadiario.com\/index.php\/wp-json\/wp\/v2\/types\/post"}],"author":[{"embeddable":true,"href":"https:\/\/www.actualidadadiario.com\/index.php\/wp-json\/wp\/v2\/users\/3"}],"replies":[{"embeddable":true,"href":"https:\/\/www.actualidadadiario.com\/index.php\/wp-json\/wp\/v2\/comments?post=22080"}],"version-history":[{"count":1,"href":"https:\/\/www.actualidadadiario.com\/index.php\/wp-json\/wp\/v2\/posts\/22080\/revisions"}],"predecessor-version":[{"id":22082,"href":"https:\/\/www.actualidadadiario.com\/index.php\/wp-json\/wp\/v2\/posts\/22080\/revisions\/22082"}],"wp:featuredmedia":[{"embeddable":true,"href":"https:\/\/www.actualidadadiario.com\/index.php\/wp-json\/wp\/v2\/media\/22081"}],"wp:attachment":[{"href":"https:\/\/www.actualidadadiario.com\/index.php\/wp-json\/wp\/v2\/media?parent=22080"}],"wp:term":[{"taxonomy":"category","embeddable":true,"href":"https:\/\/www.actualidadadiario.com\/index.php\/wp-json\/wp\/v2\/categories?post=22080"},{"taxonomy":"post_tag","embeddable":true,"href":"https:\/\/www.actualidadadiario.com\/index.php\/wp-json\/wp\/v2\/tags?post=22080"}],"curies":[{"name":"wp","href":"https:\/\/api.w.org\/{rel}","templated":true}]}}