{"id":22070,"date":"2018-01-09T12:18:44","date_gmt":"2018-01-09T15:18:44","guid":{"rendered":"http:\/\/actualidadadiario.com\/site\/?p=22070"},"modified":"2018-11-06T19:49:02","modified_gmt":"2018-11-06T22:49:02","slug":"el-gobierno-achica-la-brecha-digital-a-traves-de-los-sistemas-de-comunicaciones","status":"publish","type":"post","link":"https:\/\/www.actualidadadiario.com\/index.php\/2018\/01\/09\/el-gobierno-achica-la-brecha-digital-a-traves-de-los-sistemas-de-comunicaciones\/","title":{"rendered":"El gobierno achica la brecha digital a trav\u00e9s de los sistemas de comunicaciones"},"content":{"rendered":"<p><em><strong>La Subsecretar\u00eda de Telecomunicaciones de la provincia llev\u00f3 adelante diferentes acciones en conjunto con otros organismos provinciales, lo que permiti\u00f3 el avanzar en programas y proyectos que beneficiaron a peque\u00f1as localidades y ciudades otorgando mayor conectividad<\/strong><\/em><\/p>\n<p>&nbsp;<\/p>\n<p>&nbsp;<\/p>\n<p>&nbsp;<\/p>\n<p>El subsecretario de Telecomunicaciones de Entre R\u00edos, Carlos Bilbao, destac\u00f3 el trabajo realizado en 2017 por el \u00e1rea a su cargo, en conjunto con otras reparticiones, y se\u00f1al\u00f3: \u201cEl principal objetivo del \u00e1rea de telecomunicaciones es continuar implementando pol\u00edticas p\u00fablicas que otorguen a todos los entrerrianos igualdad de oportunidades en cuanto a una mayor inclusi\u00f3n y equidad social, adem\u00e1s de disminuir cada vez m\u00e1s la brecha digital en cada pueblo y ciudad\u201d.<\/p>\n<p>&nbsp;<\/p>\n<p>El desarrollo del Programa Pueblos Conectados, la instalaci\u00f3n de estaciones terrestres de Televisi\u00f3n Digital Abierta, el mejoramiento en el uso de la fibra \u00f3ptica, la capacitaci\u00f3n y formaci\u00f3n, entre otras acciones, forman parte de lo realizado por el gobierno provincial en el \u00e1mbito de las telecomunicaiones.<\/p>\n<p>&nbsp;<\/p>\n<p>Bilbao hizo hincapi\u00e9 en la particular distribuci\u00f3n demogr\u00e1fica que tiene Entre R\u00edos, donde gran parte de la poblaci\u00f3n vive en peque\u00f1as localidades organizadas en juntas de gobierno. Dijo que por ello el gobernador Gustavo Bordet les encomend\u00f3, a principio de la gesti\u00f3n, \u201cdise\u00f1ar un programa que incluya digital, social y culturalmente a esas comunidades\u201d, y apunt\u00f3 que as\u00ed surgi\u00f3 el programa Pueblos Conectados.<\/p>\n<p>&nbsp;<\/p>\n<p>Inform\u00f3 que a trav\u00e9s de esta iniciativa se concretaron instalaciones en las localidades de Omb\u00fa, Aldea Spatzenkutter, El Cimarr\u00f3n, Ingeniero Sajaroff, Toto Irigoyen de Costa Uruguay Sur, Nueva Escocia, Pueblo Liebig, Colonia Baylina, Sauce Montrull, Yeso Oeste y Estaci\u00f3n Gobernador Echague.<\/p>\n<p>&nbsp;<\/p>\n<p>Por otro lado, adelant\u00f3 que para 2018 se proyectan incorporar 20 nuevos espacios de Pueblos Conectados, adem\u00e1s de la concreci\u00f3n del programa Barrios Conectados que es una continuidad del actual programa y que busca llegar con el equipamiento a espacios p\u00fablicos que se encuentren con riesgo de exclusi\u00f3n digital.<\/p>\n<p>&nbsp;<\/p>\n<p>El subsecretario destac\u00f3 adem\u00e1s los avances logrados en 2017 en relaci\u00f3n a la instalaci\u00f3n de nuevos Puntos de Acceso Digital en escuelas, facultades, clubes y espacios p\u00fablicos que garantizan el acceso libre y gratuito a internet de la poblaci\u00f3n.<\/p>\n<p>&nbsp;<\/p>\n<p>Por otro lado, se concret\u00f3 la instalaci\u00f3n de la cuarta estaci\u00f3n digital terrestre de Televisi\u00f3n Digital Abierta (TDA) en Entre R\u00edos, ubicada en Victoria, la cual se suma a las ya existentes en Concordia, Paran\u00e1 y Gualeguach\u00fa. Para 2018 se busca renovar los reclamos ante naci\u00f3n para concretar la instalaci\u00f3n de la estaci\u00f3n en Concepci\u00f3n del Uruguay, adem\u00e1s de gestionar nuevas entregas de equipamiento para TDA.<\/p>\n<p>&nbsp;<\/p>\n<p>&nbsp;<\/p>\n<p>&nbsp;<\/p>\n<p><strong>Fibra \u00f3ptica<\/strong><\/p>\n<p>Bilbao se\u00f1al\u00f3 que el otro gran desaf\u00edo de la Subsecretar\u00eda de Telecomunicaciones, en conjunto con otros organismos del Estado, es dar el mejor uso posible a la Red Federal de Fibra \u00d3ptica. \u201cEn este sentido organizamos durante el a\u00f1o reuniones de trabajo con otras \u00e1reas del gobierno a fin de dise\u00f1ar un plan para poder presentarnos como Estado provincial a negociar ante Arsat el uso de esta infraestructura\u201d.<\/p>\n<p>&nbsp;<\/p>\n<p>Dijo que se incorpor\u00f3 a la mesa de trabajo a Enersa que, como empresa provincial de energ\u00eda, tiene en su estatuto el desarrollo, explotaci\u00f3n y comercializaci\u00f3n de las telecomunicaciones. \u201cA pedido del gobernador se hizo la transferencia de la licencia de telecomunicaciones a Enersa y desde entonces hemos trazado un plan en conjunto y estimamos que a principios de 2018 vamos a poder tener la propuesta en concreto para presentar ante Arsat\u201d, agreg\u00f3 el subsecretario.<\/p>\n<p>&nbsp;<\/p>\n<p>&nbsp;<\/p>\n<p><strong>Capacitaci\u00f3n<\/strong><\/p>\n<p>En cuanto a los objetivos de capacitaci\u00f3n e inclusi\u00f3n digital, Bilbao destac\u00f3 el trabajo realizado durante 2017 en el espacio Punto Digital de Paran\u00e1, con un record de participaci\u00f3n de usuarios en las distintas propuestas de formaci\u00f3n. En este sentido, se han firmado convenios con diversas instituciones como gremios y universidades p\u00fablicas para desarrollar programas de capacitaci\u00f3n en conjunto. \u201cSiempre proyectamos el trabajo en este espacio con el claro objetivo de garantizar la alfabetizaci\u00f3n digital de j\u00f3venes y adultos para que todas las generaciones accedan de la misma manera a la utilizaci\u00f3n de las nuevas tecnolog\u00edas\u201d, expres\u00f3 Bilbao.<\/p>\n<p>&nbsp;<\/p>\n<p>&nbsp;<\/p>\n<p><strong>Legislaci\u00f3n<\/strong><\/p>\n<p>Con respecto a la fase legislativa, desde la Subsecretar\u00eda se continu\u00f3 difundiendo la Ley 10.383 que plantea la existencia de requisitos similares para la instalaci\u00f3n en municipios de estructuras portantes de sistemas de comunicaciones. Bilbao explic\u00f3 que la intenci\u00f3n, es que los municipios adhieran a esta legislaci\u00f3n para que \u201cal finalizar la gesti\u00f3n Entre R\u00edos cuente con una norma \u00fanica para que tanto las empresas como los usuarios tengan reglas claras y \u00fanicas\u201d.<\/p>\n<p>&nbsp;<\/p>\n<p>Finalmente, Bilbao destac\u00f3 el trabajo permanente y constante de la Subsecretar\u00eda de Telecomunicaciones, el Ente de Control y Regulaci\u00f3n de Telecomunicaciones y la Direcci\u00f3n de Comunicaciones en relaci\u00f3n al fortalecimiento de espacios p\u00fablicos de acceso a tecnolog\u00edas, capacitaci\u00f3n y formaci\u00f3n, \u201clo que garantiza m\u00e1s y mejores condiciones de conectividad e inclusi\u00f3n en toda la poblaci\u00f3n\u201d, complet\u00f3.<\/p>\n","protected":false},"excerpt":{"rendered":"<p>La Subsecretar\u00eda de Telecomunicaciones de la provincia llev\u00f3 adelante diferentes acciones en conjunto con otros organismos provinciales, lo que permiti\u00f3 el avanzar en programas y proyectos que beneficiaron a peque\u00f1as localidades y ciudades otorgando mayor conectividad &nbsp; &nbsp; &nbsp; El subsecretario de Telecomunicaciones de Entre R\u00edos, Carlos Bilbao, destac\u00f3 el trabajo realizado en 2017 por el \u00e1rea a su cargo, en conjunto con otras reparticiones, y se\u00f1al\u00f3: \u201cEl principal objetivo del \u00e1rea de telecomunicaciones es continuar implementando pol\u00edticas p\u00fablicas que otorguen a todos los entrerrianos igualdad de oportunidades en cuanto&#8230;<\/p>\n","protected":false},"author":3,"featured_media":22071,"comment_status":"closed","ping_status":"closed","sticky":false,"template":"","format":"standard","meta":[],"categories":[15],"tags":[],"_links":{"self":[{"href":"https:\/\/www.actualidadadiario.com\/index.php\/wp-json\/wp\/v2\/posts\/22070"}],"collection":[{"href":"https:\/\/www.actualidadadiario.com\/index.php\/wp-json\/wp\/v2\/posts"}],"about":[{"href":"https:\/\/www.actualidadadiario.com\/index.php\/wp-json\/wp\/v2\/types\/post"}],"author":[{"embeddable":true,"href":"https:\/\/www.actualidadadiario.com\/index.php\/wp-json\/wp\/v2\/users\/3"}],"replies":[{"embeddable":true,"href":"https:\/\/www.actualidadadiario.com\/index.php\/wp-json\/wp\/v2\/comments?post=22070"}],"version-history":[{"count":1,"href":"https:\/\/www.actualidadadiario.com\/index.php\/wp-json\/wp\/v2\/posts\/22070\/revisions"}],"predecessor-version":[{"id":22072,"href":"https:\/\/www.actualidadadiario.com\/index.php\/wp-json\/wp\/v2\/posts\/22070\/revisions\/22072"}],"wp:featuredmedia":[{"embeddable":true,"href":"https:\/\/www.actualidadadiario.com\/index.php\/wp-json\/wp\/v2\/media\/22071"}],"wp:attachment":[{"href":"https:\/\/www.actualidadadiario.com\/index.php\/wp-json\/wp\/v2\/media?parent=22070"}],"wp:term":[{"taxonomy":"category","embeddable":true,"href":"https:\/\/www.actualidadadiario.com\/index.php\/wp-json\/wp\/v2\/categories?post=22070"},{"taxonomy":"post_tag","embeddable":true,"href":"https:\/\/www.actualidadadiario.com\/index.php\/wp-json\/wp\/v2\/tags?post=22070"}],"curies":[{"name":"wp","href":"https:\/\/api.w.org\/{rel}","templated":true}]}}