{"id":22066,"date":"2018-01-09T12:17:52","date_gmt":"2018-01-09T15:17:52","guid":{"rendered":"http:\/\/actualidadadiario.com\/site\/?p=22066"},"modified":"2018-11-06T19:51:31","modified_gmt":"2018-11-06T22:51:31","slug":"padres-de-ninos-discapacitados-llegaron-a-un-acuerdo-con-el-iosper","status":"publish","type":"post","link":"https:\/\/www.actualidadadiario.com\/index.php\/2018\/01\/09\/padres-de-ninos-discapacitados-llegaron-a-un-acuerdo-con-el-iosper\/","title":{"rendered":"Padres de ni\u00f1os discapacitados llegaron a un acuerdo con el IOSPER"},"content":{"rendered":"<p><em><strong>El pr\u00f3ximo jueves se firmar\u00e1 un acta donde quedar\u00e1n plasmados todos los puntos acordados. Entre los principales est\u00e1 que saldar\u00e1n la deuda por las prestaciones y a partir de este a\u00f1o se abonar\u00e1n a mes vencido<\/strong><\/em><\/p>\n<p>&nbsp;<\/p>\n<p>&nbsp;<\/p>\n<p>&nbsp;<\/p>\n<p>En la ma\u00f1ana de este lunes, padres de ni\u00f1os con discapacidades se reunieron en Casa de Gobierno con el vicegobernador Ad\u00e1n Bahl y el presidente del IOSPER, Fernando Ca\u00f1ete ante la preocupaci\u00f3n por la demora en el pago de las prestaciones y otros puntos.<\/p>\n<p>&nbsp;<\/p>\n<p>Tras el encuentro, los afiliados a la obra social destacaron la convocatoria afirmaron que fue una reuni\u00f3n &#8220;muy positiva&#8221;.<\/p>\n<p>&nbsp;<\/p>\n<p>En tal sentido, Cecilia Medina, que tiene una hija con mielemeningocele e hidrocefalia, cont\u00f3 que de acuerdo al petitorio que se hab\u00eda presentado la semana pasada, desde el IOSPER &#8220;trajeron respuestas que era lo que nosotros necesit\u00e1bamos. Lo m\u00e1s importante es que nos dijeron que para el viernes 12 van a estar depositados todos los reintegros liquidados hasta el 30 de noviembre y se comprometieron a pagarnos en 2018 las prestaciones a mes vencido, por lo que no habr\u00eda m\u00e1s estas demoras&#8221;. Estos acuerdos quedar\u00e1n plasmados en un acta que se firmar\u00e1 este jueves.<\/p>\n<p>&nbsp;<\/p>\n<p>Otro punto de acuerdo fue el tema de los coseguros: &#8220;A partir de ahora las \u00f3rdenes de consultas o pr\u00e1cticas van a salir con coseguro cero, tal como est\u00e1 estipulado en la Ley Nacional de Discapacidad&#8221;, dijo Medina.<\/p>\n<p>&nbsp;<\/p>\n<p>Adem\u00e1s en el marco de la negociaci\u00f3n, se adelant\u00f3 que &#8220;no se dar\u00e1n 6 \u00f3rdenes anuales sino 12 con una chequera donde dos veces al a\u00f1o deber\u00e1n ser llenadas por los pediatras o m\u00e9dicos de cabecera&#8221;.<\/p>\n<p>&nbsp;<\/p>\n<p>Por su parte, Mar\u00eda Eugenia Quiroga, que tiene una nena de 7 a\u00f1os con par\u00e1lisis cerebral y epilepsia, manifest\u00f3 que &#8220;vamos a seguir con las reuniones y veremos si cumplen con su palabra. Queremos llevar tranquilidad a los profesionales que atienden a nuestros hijos que se va a cumplir con el pago&#8221;.<\/p>\n<p>&nbsp;<\/p>\n<p>&#8220;Nos vamos contentos porque hay un acta plasmada que se va a firmar el jueves y donde est\u00e1n los compromisos aceptados por el Presidente del IOSPER, con quien finalmente hoy nos lograron reunir&#8221;, dijo finalmente Fernando Sibulovsky, que tiene una nena con s\u00edndrome de Down.<\/p>\n<p>&nbsp;<\/p>\n<p>Por su parte, y durante el encuentro, el Vicegobernador Bahl manifest\u00f3 su posici\u00f3n sobre el tema indicando que: &#8220;me interesan los derechos de los ni\u00f1os; me preocupa la situaci\u00f3n de cada uno de ustedes, en referencia a los padres, y tambi\u00e9n tengo que velar por la situaci\u00f3n del IOSPER, por eso celebro este encuentro donde prima el di\u00e1logo. Hemos dado pasos hacia adelante porque cada uno de los puntos del documento tiene respuesta&#8221; y agreg\u00f3 &#8220;tenemos una obra social abierta que puede dar todas las respuestas&#8221;.<\/p>\n<p>&nbsp;<\/p>\n<p>La obra social tiene 5719 afiliados que integran el padr\u00f3n de discapacidad.<\/p>\n","protected":false},"excerpt":{"rendered":"<p>El pr\u00f3ximo jueves se firmar\u00e1 un acta donde quedar\u00e1n plasmados todos los puntos acordados. Entre los principales est\u00e1 que saldar\u00e1n la deuda por las prestaciones y a partir de este a\u00f1o se abonar\u00e1n a mes vencido &nbsp; &nbsp; &nbsp; En la ma\u00f1ana de este lunes, padres de ni\u00f1os con discapacidades se reunieron en Casa de Gobierno con el vicegobernador Ad\u00e1n Bahl y el presidente del IOSPER, Fernando Ca\u00f1ete ante la preocupaci\u00f3n por la demora en el pago de las prestaciones y otros puntos. &nbsp; Tras el encuentro, los afiliados a&#8230;<\/p>\n","protected":false},"author":3,"featured_media":22067,"comment_status":"closed","ping_status":"closed","sticky":false,"template":"","format":"standard","meta":[],"categories":[9,15],"tags":[],"_links":{"self":[{"href":"https:\/\/www.actualidadadiario.com\/index.php\/wp-json\/wp\/v2\/posts\/22066"}],"collection":[{"href":"https:\/\/www.actualidadadiario.com\/index.php\/wp-json\/wp\/v2\/posts"}],"about":[{"href":"https:\/\/www.actualidadadiario.com\/index.php\/wp-json\/wp\/v2\/types\/post"}],"author":[{"embeddable":true,"href":"https:\/\/www.actualidadadiario.com\/index.php\/wp-json\/wp\/v2\/users\/3"}],"replies":[{"embeddable":true,"href":"https:\/\/www.actualidadadiario.com\/index.php\/wp-json\/wp\/v2\/comments?post=22066"}],"version-history":[{"count":2,"href":"https:\/\/www.actualidadadiario.com\/index.php\/wp-json\/wp\/v2\/posts\/22066\/revisions"}],"predecessor-version":[{"id":22069,"href":"https:\/\/www.actualidadadiario.com\/index.php\/wp-json\/wp\/v2\/posts\/22066\/revisions\/22069"}],"wp:featuredmedia":[{"embeddable":true,"href":"https:\/\/www.actualidadadiario.com\/index.php\/wp-json\/wp\/v2\/media\/22067"}],"wp:attachment":[{"href":"https:\/\/www.actualidadadiario.com\/index.php\/wp-json\/wp\/v2\/media?parent=22066"}],"wp:term":[{"taxonomy":"category","embeddable":true,"href":"https:\/\/www.actualidadadiario.com\/index.php\/wp-json\/wp\/v2\/categories?post=22066"},{"taxonomy":"post_tag","embeddable":true,"href":"https:\/\/www.actualidadadiario.com\/index.php\/wp-json\/wp\/v2\/tags?post=22066"}],"curies":[{"name":"wp","href":"https:\/\/api.w.org\/{rel}","templated":true}]}}