{"id":22062,"date":"2018-01-09T12:17:03","date_gmt":"2018-01-09T15:17:03","guid":{"rendered":"http:\/\/actualidadadiario.com\/site\/?p=22062"},"modified":"2018-11-06T19:50:44","modified_gmt":"2018-11-06T22:50:44","slug":"la-sequia-en-entre-rios-podria-provocar-menor-rinde-de-la-soja-y-el-maiz","status":"publish","type":"post","link":"https:\/\/www.actualidadadiario.com\/index.php\/2018\/01\/09\/la-sequia-en-entre-rios-podria-provocar-menor-rinde-de-la-soja-y-el-maiz\/","title":{"rendered":"La sequ\u00eda en Entre R\u00edos podr\u00eda provocar menor rinde de la soja y el ma\u00edz"},"content":{"rendered":"<p>&#8220;La soja y el ma\u00edz de primera son los que m\u00e1s riesgo tienen, ya que est\u00e1n en per\u00edodo de sudoraci\u00f3n, tienen una necesidad h\u00eddrica puntual y espec\u00edfica&#8221;, explicaron desde Federaci\u00f3n Agraria. Todav\u00eda no est\u00e1n perdiendo cultivos<\/p>\n<p>&nbsp;<\/p>\n<p>&nbsp;<\/p>\n<p>&nbsp;<\/p>\n<p>El dirigente de la Federaci\u00f3n Agraria Argentina (FAA), Ricardo Garzia, indic\u00f3 que las escasas precipitaciones podr\u00edan afectar el rendimiento de algunos cultivos.<\/p>\n<p>&nbsp;<\/p>\n<p>&#8220;Tenemos algunas secas y estamos con algunas preocupaciones, pero la de ahora no es una seca generalizada como la de otros a\u00f1os. No estamos perdiendo cultivos todav\u00eda&#8221;, dijo el dirigente de la FAA.<\/p>\n<p>&nbsp;<\/p>\n<p>Luego brind\u00f3 precisiones acerca de los cultivos implantados en esta \u00e9poca de a\u00f1o y diferenci\u00f3 c\u00f3mo afecta la escasez de agua a cada uno de ellos: &#8220;Tenemos soja de primera, soja de segunda (o sea, sobre trigo), ma\u00edces de primera siembra, que son los que fueron sembrados en agosto o septiembre, y ma\u00edces de segunda siembra, sembrados en noviembre y diciembre&#8221;.<\/p>\n<p>&nbsp;<\/p>\n<p>&#8220;La soja y el ma\u00edz de primera son los que m\u00e1s riesgo tienen, ya que est\u00e1n en per\u00edodo de sudoraci\u00f3n, tienen una necesidad h\u00eddrica puntual y espec\u00edfica, y la falta de agua puede provocar una disminuci\u00f3n en su rendimiento&#8221;, explic\u00f3, al tiempo que se\u00f1al\u00f3: &#8220;El caso del ma\u00edz de primera es mucho m\u00e1s grave porque no puede revertir un per\u00edodo de seca, a diferencia de la soja que s\u00ed se puede revertir un periodo de seca.<\/p>\n<p>&nbsp;<\/p>\n<p>&#8220;A los ma\u00edces y a la soja de segunda, que todav\u00eda est\u00e1n lejos de florecer, un per\u00edodo de sequ\u00eda no le afecta tanto como a los de primera&#8221;, dijo Garzia.<\/p>\n<p>&nbsp;<\/p>\n<p>Es decir, &#8220;la falta de precipitaciones no afecta por igual a todos los cultivos, ni a todos los momentos de la siembra de esos cultivos&#8221;, sostuvo Ricardo Garzia, quien hasta hace un tiempo era director Nacional de la FAA y ahora preside la filial Mansilla de la entidad.<\/p>\n<p>&nbsp;<\/p>\n<p>Finalmente remarc\u00f3 que &#8220;en estos momentos no se est\u00e1 ante lo que se denomina una sequ\u00eda prolongada, como s\u00ed ha sucedido en otros a\u00f1os. Esta sequ\u00eda de ahora afecta s\u00f3lo a algunas zonas y a otros no tanto&#8221;.<\/p>\n","protected":false},"excerpt":{"rendered":"<p>&#8220;La soja y el ma\u00edz de primera son los que m\u00e1s riesgo tienen, ya que est\u00e1n en per\u00edodo de sudoraci\u00f3n, tienen una necesidad h\u00eddrica puntual y espec\u00edfica&#8221;, explicaron desde Federaci\u00f3n Agraria. Todav\u00eda no est\u00e1n perdiendo cultivos &nbsp; &nbsp; &nbsp; El dirigente de la Federaci\u00f3n Agraria Argentina (FAA), Ricardo Garzia, indic\u00f3 que las escasas precipitaciones podr\u00edan afectar el rendimiento de algunos cultivos. &nbsp; &#8220;Tenemos algunas secas y estamos con algunas preocupaciones, pero la de ahora no es una seca generalizada como la de otros a\u00f1os. No estamos perdiendo cultivos todav\u00eda&#8221;, dijo&#8230;<\/p>\n","protected":false},"author":3,"featured_media":22064,"comment_status":"closed","ping_status":"closed","sticky":false,"template":"","format":"standard","meta":[],"categories":[15],"tags":[],"_links":{"self":[{"href":"https:\/\/www.actualidadadiario.com\/index.php\/wp-json\/wp\/v2\/posts\/22062"}],"collection":[{"href":"https:\/\/www.actualidadadiario.com\/index.php\/wp-json\/wp\/v2\/posts"}],"about":[{"href":"https:\/\/www.actualidadadiario.com\/index.php\/wp-json\/wp\/v2\/types\/post"}],"author":[{"embeddable":true,"href":"https:\/\/www.actualidadadiario.com\/index.php\/wp-json\/wp\/v2\/users\/3"}],"replies":[{"embeddable":true,"href":"https:\/\/www.actualidadadiario.com\/index.php\/wp-json\/wp\/v2\/comments?post=22062"}],"version-history":[{"count":1,"href":"https:\/\/www.actualidadadiario.com\/index.php\/wp-json\/wp\/v2\/posts\/22062\/revisions"}],"predecessor-version":[{"id":22065,"href":"https:\/\/www.actualidadadiario.com\/index.php\/wp-json\/wp\/v2\/posts\/22062\/revisions\/22065"}],"wp:featuredmedia":[{"embeddable":true,"href":"https:\/\/www.actualidadadiario.com\/index.php\/wp-json\/wp\/v2\/media\/22064"}],"wp:attachment":[{"href":"https:\/\/www.actualidadadiario.com\/index.php\/wp-json\/wp\/v2\/media?parent=22062"}],"wp:term":[{"taxonomy":"category","embeddable":true,"href":"https:\/\/www.actualidadadiario.com\/index.php\/wp-json\/wp\/v2\/categories?post=22062"},{"taxonomy":"post_tag","embeddable":true,"href":"https:\/\/www.actualidadadiario.com\/index.php\/wp-json\/wp\/v2\/tags?post=22062"}],"curies":[{"name":"wp","href":"https:\/\/api.w.org\/{rel}","templated":true}]}}