{"id":22059,"date":"2018-01-09T12:12:03","date_gmt":"2018-01-09T15:12:03","guid":{"rendered":"http:\/\/actualidadadiario.com\/site\/?p=22059"},"modified":"2018-11-06T19:52:10","modified_gmt":"2018-11-06T22:52:10","slug":"se-adquirira-mobiliario-escolar-para-171-establecimientos-de-toda-la-provincia","status":"publish","type":"post","link":"https:\/\/www.actualidadadiario.com\/index.php\/2018\/01\/09\/se-adquirira-mobiliario-escolar-para-171-establecimientos-de-toda-la-provincia\/","title":{"rendered":"Se adquirir\u00e1 mobiliario escolar para 171 establecimientos de toda la provincia"},"content":{"rendered":"<p><em><strong>Cuatro empresas presentaron ofertas para la compra y entrega de equipamiento escolar que beneficiar\u00e1 a 171 escuelas de los distintos departamentos<\/strong><\/em><\/p>\n<p>&nbsp;<\/p>\n<p>&nbsp;<\/p>\n<p>&nbsp;<\/p>\n<p>La licitaci\u00f3n se da en el marco del Pacto Federal Educativo, gestionado por el gobierno de la provincia, a trav\u00e9s de la Unidad Ejecutora Provincial, dependiente del Ministerio de Planeamiento. El presupuesto oficial asciende a los 6 millones de pesos.<\/p>\n<p>&nbsp;<\/p>\n<p>Del acto licitatorio que se realiz\u00f3 en las instalaciones de la Unidad Ejecutora Provincial (UEP) durante la ma\u00f1ana del viernes participaron el ministro de Planeamiento, Luis Bendetto, el coordinador ejecutivo del organismo, Adolfo Quinodoz, el coordinador ejecutivo adjunto, Mat\u00edas D\u00edaz, la coordinadora de la Direcci\u00f3n de Infraestructura y Equipamiento Escolar del Consejo General de Educaci\u00f3n (CGE), Ana Abreu, la vocal del mismo, Marisa Mazza y los representantes de las empresas oferentes.<\/p>\n<p>&nbsp;<\/p>\n<p>\u201cEsta adquisici\u00f3n de mobiliario forma parte del plan de reacondicionamiento de las instituciones escolares que encara la gesti\u00f3n provincial. Estamos haciendo todos los esfuerzos necesarios para que este nuevo equipamiento que hoy se licita, se entregue previo al inicio del a\u00f1o lectivo\u201d expres\u00f3 el coordinador, Adolfo Quinodoz, y agreg\u00f3 \u201cen esta oportunidad el mobiliario se destinar\u00e1 a 171 escuelas de toda la provincia, tanto para establecimientos escolares que est\u00e1n pronto a inaugurarse como para aquellos que precisan el reemplazo de su mobiliario\u201d.<\/p>\n<p>&nbsp;<\/p>\n<p>Respecto a las obras que lleva adelante la Unidad Ejecutora Provincial, el coordinador Quinodoz se\u00f1al\u00f3 que \u201cvenimos trabajando con distintas l\u00edneas de acci\u00f3n y financiamiento, no solo para nuevo mobiliario escolar, sino tambi\u00e9n en la construcci\u00f3n de establecimientos totalmente nuevo como en la refacci\u00f3n y ampliaci\u00f3n de aquellos edificios ya existentes\u201d.<\/p>\n<p>&nbsp;<\/p>\n<p>En este sentido destac\u00f3 adem\u00e1s \u201cactualmente tenemos varios proyectos en proceso de adjudicaci\u00f3n que esperamos para febrero se est\u00e9n iniciando las labores para su ejecuci\u00f3n. Estamos hablando de obras menores para siete establecimientos educativos de distintos departamentos provinciales, y con un monto cercano a los 3 millones de pesos\u201d. Por \u00faltimo explic\u00f3 que \u201clas obras de car\u00e1cter menor comprenden generalmente, la creaci\u00f3n de un aula, un SUM o la refacci\u00f3n del paquete sanitario. Son reparaciones peque\u00f1as pero necesarias que brindan una mayor comodidad para los alumnos como para los docentes en el proceso del dictado de clases\u201d.<\/p>\n<p>&nbsp;<\/p>\n<p>Por su parte, el ministro, Luis Bendetto reforz\u00f3: \u201cEsta licitaci\u00f3n para adquisici\u00f3n de mobiliario se suma al plan que el gobernador Gustavo Bordet deline\u00f3 en miras de la optimizaci\u00f3n y acondicionamiento de las realidades edilicias que presentan numerosas escuelas en la provincia\u201d. Al mismo tiempo el funcionario brind\u00f3 detalles sobre el Plan Vacaciones que es parte de esta l\u00ednea de acci\u00f3n y sostuvo \u201chemos dise\u00f1ado este plan y que inicia sus tareas en la semana entrante, con el objetivo de llegar al comienzo del periodo lectivo con los establecimientos educativos en mejores condiciones. Es un plan que realizar\u00e1 intervenciones en 222 escuelas de todo el territorio provincial por un monto aproximado de 50 millones de pesos, y permitir\u00e1 que, tanto alumnos como docentes, inicien el dictado de clases en espacios \u00f3ptimos y agradables para el desarrollo de las tareas educativas\u201d.<\/p>\n<p>&nbsp;<\/p>\n<p>Por \u00faltimo, la vocal del CGE, Marisa Mazza celebr\u00f3 esta licitaci\u00f3n y acentu\u00f3 que \u201cdesde el organismo entendemos que el verano es el momento de preparar las escuelas para el pr\u00f3ximo ciclo, por ello establecemos las prioridades en base a las necesidades que presentan las diferentes escuelas y accionamos en pos de su reacondicionamiento\u201d. Manifest\u00f3 a su vez que \u201ces el Estado quien tiene el rol indelegable en materia de infraestructura, pero tambi\u00e9n consideramos que la escuela debe ser la instituci\u00f3n por excelencia que forme a chicos y padres en el compromiso con los bienes p\u00fablicos. La escuela es un bien de todos, pero suele suceder que muchas veces \u201cde todos\u201d pareciera sin\u00f3nimo de nadie, y nosotros queremos insistir en que es de todos en tanto le corresponde a cada uno como ciudadano cuidar y respetar de ese espacio\u201d.<\/p>\n<p>&nbsp;<\/p>\n<p>En esta oportunidad se adquirir\u00e1n 2855 conjuntos bipersonales (mesa y dos sillas) para equipar 171 escuelas de toda la provincia, con un alcance que beneficiar\u00e1 a 16 de los 17 departamentos.<\/p>\n<p>&nbsp;<\/p>\n<p>Las cuatro empresas oferentes fueron: Tamecas S.R.L., Educando S.R.L., LM Amoblamientos S.R.L. y la firma Ra\u00fal E. M\u00f3naco S.A.<\/p>\n","protected":false},"excerpt":{"rendered":"<p>Cuatro empresas presentaron ofertas para la compra y entrega de equipamiento escolar que beneficiar\u00e1 a 171 escuelas de los distintos departamentos &nbsp; &nbsp; &nbsp; La licitaci\u00f3n se da en el marco del Pacto Federal Educativo, gestionado por el gobierno de la provincia, a trav\u00e9s de la Unidad Ejecutora Provincial, dependiente del Ministerio de Planeamiento. El presupuesto oficial asciende a los 6 millones de pesos. &nbsp; Del acto licitatorio que se realiz\u00f3 en las instalaciones de la Unidad Ejecutora Provincial (UEP) durante la ma\u00f1ana del viernes participaron el ministro de Planeamiento,&#8230;<\/p>\n","protected":false},"author":3,"featured_media":22060,"comment_status":"closed","ping_status":"closed","sticky":false,"template":"","format":"standard","meta":[],"categories":[15],"tags":[],"_links":{"self":[{"href":"https:\/\/www.actualidadadiario.com\/index.php\/wp-json\/wp\/v2\/posts\/22059"}],"collection":[{"href":"https:\/\/www.actualidadadiario.com\/index.php\/wp-json\/wp\/v2\/posts"}],"about":[{"href":"https:\/\/www.actualidadadiario.com\/index.php\/wp-json\/wp\/v2\/types\/post"}],"author":[{"embeddable":true,"href":"https:\/\/www.actualidadadiario.com\/index.php\/wp-json\/wp\/v2\/users\/3"}],"replies":[{"embeddable":true,"href":"https:\/\/www.actualidadadiario.com\/index.php\/wp-json\/wp\/v2\/comments?post=22059"}],"version-history":[{"count":1,"href":"https:\/\/www.actualidadadiario.com\/index.php\/wp-json\/wp\/v2\/posts\/22059\/revisions"}],"predecessor-version":[{"id":22061,"href":"https:\/\/www.actualidadadiario.com\/index.php\/wp-json\/wp\/v2\/posts\/22059\/revisions\/22061"}],"wp:featuredmedia":[{"embeddable":true,"href":"https:\/\/www.actualidadadiario.com\/index.php\/wp-json\/wp\/v2\/media\/22060"}],"wp:attachment":[{"href":"https:\/\/www.actualidadadiario.com\/index.php\/wp-json\/wp\/v2\/media?parent=22059"}],"wp:term":[{"taxonomy":"category","embeddable":true,"href":"https:\/\/www.actualidadadiario.com\/index.php\/wp-json\/wp\/v2\/categories?post=22059"},{"taxonomy":"post_tag","embeddable":true,"href":"https:\/\/www.actualidadadiario.com\/index.php\/wp-json\/wp\/v2\/tags?post=22059"}],"curies":[{"name":"wp","href":"https:\/\/api.w.org\/{rel}","templated":true}]}}