{"id":22049,"date":"2018-01-05T11:49:22","date_gmt":"2018-01-05T14:49:22","guid":{"rendered":"http:\/\/actualidadadiario.com\/site\/?p=22049"},"modified":"2018-11-06T19:18:25","modified_gmt":"2018-11-06T22:18:25","slug":"se-realizo-en-el-pais-el-primer-trasplante-bipulmonar-y-hepatico-de-latinoamerica","status":"publish","type":"post","link":"https:\/\/www.actualidadadiario.com\/index.php\/2018\/01\/05\/se-realizo-en-el-pais-el-primer-trasplante-bipulmonar-y-hepatico-de-latinoamerica\/","title":{"rendered":"Se realiz\u00f3 en el pa\u00eds el primer trasplante bipulmonar y hep\u00e1tico de Latinoam\u00e9rica"},"content":{"rendered":"<p><em><strong>Mat\u00edas, un joven de 19 a\u00f1os de Avellaneda, recibi\u00f3 dos pulmones y un h\u00edgado. Hac\u00eda dos a\u00f1os estaba en lista de espera en el Incucai, tras un diagn\u00f3stico de fibrosis qu\u00edstica. La in\u00e9dita cirug\u00eda dur\u00f3 12 horas<\/strong><\/em><\/p>\n<p>&nbsp;<\/p>\n<p>&nbsp;<\/p>\n<p>&nbsp;<\/p>\n<p>Argentina sigue estando a la vanguardia de Latinoam\u00e9rica en trasplantes de \u00f3rganos. Por primera vez en el pa\u00eds y la regi\u00f3n, m\u00e9dicos de la Fundaci\u00f3n Favaloro realizaron un trasplante bipulmonar y hep\u00e1tico. Fue el \u00faltimo 12 de diciembre y permiti\u00f3 a Mat\u00edas, un joven de 19 a\u00f1os de Avellaneda que padece fibrosis qu\u00edstica -un trastorno gen\u00e9tico que afecta sobre todo a los pulmones- &#8216;volver a nacer&#8217;. \u201cMat\u00edas vino a evaluarse por insuficiencia respiratoria avanzada y al analizar c\u00f3mo estaba el resto de su organismo encontramos que cursaba una insuficiencia hep\u00e1tica severa con cirrosis. Lo cual nos llev\u00f3 a discutir cu\u00e1l era la mejor estrategia y decimos realizar un trasplante combinado\u201d, le explic\u00f3 a PERFIL Alejandro Bertolotti, jefe de trasplantes de la Fundaci\u00f3n Favaloro.<\/p>\n<p>&nbsp;<\/p>\n<p>La cirug\u00eda se extendi\u00f3 por casi 12 horas y requiri\u00f3 un equipo m\u00e9dico de 18 especialistas: diez cirujanos, dos anestesistas, cuatro instrumentadores y dos enfermeros. \u201cLa estrategia quir\u00fargica consisti\u00f3 primero en hacer el trasplante bipulmonar, eso nos permiti\u00f3 estabilizar al paciente y tener mejor oxigenaci\u00f3n de todo su organismo. Luego se hizo el trasplante hep\u00e1tico\u201d, detall\u00f3 Bertolotti.<\/p>\n<p>&nbsp;<\/p>\n<p>El especialista remarc\u00f3 que no es com\u00fan realizar este tipo de cirug\u00edas. \u201cEs la primera vez que se hace en la Argentina y en Latinoam\u00e9rica. En EE.UU. solamente se han realizado 91 trasplantes de este tipo a lo largo de la historia y en Europa muy pocos tambi\u00e9n. No hay mucha experiencia porque afortunadamente no se da esta conjunci\u00f3n de insuficiencia hep\u00e1tica y pulmonar de manera tan frecuente. Hasta el d\u00eda de hoy no ten\u00edamos una respuesta para estos pacientes y hoy se empieza a vislumbrar por lo menos una ventana\u201d, sostuvo.<\/p>\n<p>&nbsp;<\/p>\n<p>La fibrosis qu\u00edstica es una enfermedad gen\u00e9tica que afecta principalmente a los pulmones, y en menor medida al p\u00e1ncreas, h\u00edgado e intestino. La padecen uno de cada 7.000 nacidos vivos y hasta el momento no tiene cura. &#8220;Es muy dif\u00edcil esta enfermedad, a los 16 me diagnosticaron en el Hospital Argerich, me atacaba mucho los pulmones, el h\u00edgado y el p\u00e1ncreas&#8221;, cont\u00f3 Mat\u00edas. &#8220;La doctora me dijo que la \u00fanica forma de salvar mi vida y estar sano era el trasplante, por eso me lo tome bien, tranquilo\u201d.<\/p>\n<p>&nbsp;<\/p>\n<p>Mat\u00edas fue dado de alta hace una semana luego de recibir el reemplazo de sus dos pulmones y su h\u00edgado, tras dos a\u00f1os de permanecer a la espera de los \u00f3rganos. Hoy puede respirar sin ayuda de un dispositivo mec\u00e1nico y alimentarse adecuadamente. Su mam\u00e1, Zulma, agradeci\u00f3 a la familia del donante, al Incucai y a los m\u00e9dicos de la Favaloro. \u201cEsto sin donantes no se puede hacer, necesitamos m\u00e1s donantes de \u00f3rganos para poder ayudar a m\u00e1s personas como Mat\u00edas\u201d, concluy\u00f3 Bertolotti. Se puede manifestar la voluntad de donar \u00f3rganos y tejidos s trav\u00e9s de la p\u00e1gina del Incucai: www.incucai.gov.ar.<\/p>\n","protected":false},"excerpt":{"rendered":"<p>Mat\u00edas, un joven de 19 a\u00f1os de Avellaneda, recibi\u00f3 dos pulmones y un h\u00edgado. Hac\u00eda dos a\u00f1os estaba en lista de espera en el Incucai, tras un diagn\u00f3stico de fibrosis qu\u00edstica. La in\u00e9dita cirug\u00eda dur\u00f3 12 horas &nbsp; &nbsp; &nbsp; Argentina sigue estando a la vanguardia de Latinoam\u00e9rica en trasplantes de \u00f3rganos. Por primera vez en el pa\u00eds y la regi\u00f3n, m\u00e9dicos de la Fundaci\u00f3n Favaloro realizaron un trasplante bipulmonar y hep\u00e1tico. Fue el \u00faltimo 12 de diciembre y permiti\u00f3 a Mat\u00edas, un joven de 19 a\u00f1os de Avellaneda que&#8230;<\/p>\n","protected":false},"author":3,"featured_media":22050,"comment_status":"closed","ping_status":"closed","sticky":false,"template":"","format":"standard","meta":[],"categories":[4],"tags":[],"_links":{"self":[{"href":"https:\/\/www.actualidadadiario.com\/index.php\/wp-json\/wp\/v2\/posts\/22049"}],"collection":[{"href":"https:\/\/www.actualidadadiario.com\/index.php\/wp-json\/wp\/v2\/posts"}],"about":[{"href":"https:\/\/www.actualidadadiario.com\/index.php\/wp-json\/wp\/v2\/types\/post"}],"author":[{"embeddable":true,"href":"https:\/\/www.actualidadadiario.com\/index.php\/wp-json\/wp\/v2\/users\/3"}],"replies":[{"embeddable":true,"href":"https:\/\/www.actualidadadiario.com\/index.php\/wp-json\/wp\/v2\/comments?post=22049"}],"version-history":[{"count":1,"href":"https:\/\/www.actualidadadiario.com\/index.php\/wp-json\/wp\/v2\/posts\/22049\/revisions"}],"predecessor-version":[{"id":22051,"href":"https:\/\/www.actualidadadiario.com\/index.php\/wp-json\/wp\/v2\/posts\/22049\/revisions\/22051"}],"wp:featuredmedia":[{"embeddable":true,"href":"https:\/\/www.actualidadadiario.com\/index.php\/wp-json\/wp\/v2\/media\/22050"}],"wp:attachment":[{"href":"https:\/\/www.actualidadadiario.com\/index.php\/wp-json\/wp\/v2\/media?parent=22049"}],"wp:term":[{"taxonomy":"category","embeddable":true,"href":"https:\/\/www.actualidadadiario.com\/index.php\/wp-json\/wp\/v2\/categories?post=22049"},{"taxonomy":"post_tag","embeddable":true,"href":"https:\/\/www.actualidadadiario.com\/index.php\/wp-json\/wp\/v2\/tags?post=22049"}],"curies":[{"name":"wp","href":"https:\/\/api.w.org\/{rel}","templated":true}]}}