{"id":22046,"date":"2018-01-05T11:48:33","date_gmt":"2018-01-05T14:48:33","guid":{"rendered":"http:\/\/actualidadadiario.com\/site\/?p=22046"},"modified":"2018-11-06T19:18:07","modified_gmt":"2018-11-06T22:18:07","slug":"mirtha-no-me-parece-bien-que-el-presidente-este-veraneando-tanto-tiempo","status":"publish","type":"post","link":"https:\/\/www.actualidadadiario.com\/index.php\/2018\/01\/05\/mirtha-no-me-parece-bien-que-el-presidente-este-veraneando-tanto-tiempo\/","title":{"rendered":"Mirtha: &#8220;No me parece bien que el presidente est\u00e9 veraneando tanto tiempo&#8221;"},"content":{"rendered":"<p><em><strong>La conductora que este a\u00f1o cumple medio siglo de almuerzos televisivos fue muy dura con la gesti\u00f3n nacional de Cambiemos. Inflaci\u00f3n, inseguridad y el descanso de los funcionarios, en el foco de su an\u00e1lisis<\/strong><\/em><\/p>\n<p>&nbsp;<\/p>\n<p>&nbsp;<\/p>\n<p>&nbsp;<\/p>\n<p>&#8220;La Argentina es un cuento de nunca acabar&#8221;, apunt\u00f3 Mirtha Legrand al ser consultada sobre la realidad nacional. &#8220;Aumentan las tarifas, entonces a posteriori vienen las paritarias y aumentan los sueldos. Y luego se cierra el c\u00edrculo porque vuelven a aumentar las tarifas. Esto es lo que produce la inflaci\u00f3n tremenda que estamos teniendo. Lo primero que tiene que bajar el Gobierno es la inflaci\u00f3n que nos est\u00e1 devorando y que nos hace tanto da\u00f1o. \u00a1Los sueldos no alcanzan!&#8221;, dispar\u00f3.<\/p>\n<p>&nbsp;<\/p>\n<p>A punto de cumplir el (\u00bfprimer?) medio siglo de Almorzando con Mirtha Legrand, la diva del consumo gastron\u00f3mico fue muy cr\u00edtica con la gesti\u00f3n de su admirado presidente Mauricio Macri durante una entrevista con el diario La Naci\u00f3n.<\/p>\n<p>&nbsp;<\/p>\n<p>Desde Punta del Este, y a punto de mudarse a Mar del Plata para la tradicional edici\u00f3n veraniega de los almuerzos, la conductora de El Trece critic\u00f3 tambi\u00e9n la reciente reforma previsional. &#8220;Es muy duro, muy terrible. Si yo fuera Gobierno hubiera revertido esa medida y les quitaba algo a las petroleras y a las mineras, que tienen tantas subvenciones, y derivaba ese dinero a los jubilados. Es una l\u00e1stima. Y, peor a\u00fan, en un pa\u00eds tan rico, tan maravilloso. Siempre decimos lo mismo: &#8220;un pa\u00eds tan rico, tan maravilloso&#8221;, pero la gente siempre pasa necesidades&#8221;, se\u00f1al\u00f3.<\/p>\n<p>&nbsp;<\/p>\n<p>Asimismo, al ser consultada sobre la inseguridad (&#8220;no le encuentran la vuelta&#8221;, dijo) aprovech\u00f3 para dedicarle un dardo venenoso al primer mandatario: &#8220;Debo decir que no me parece bien que el presidente est\u00e9 veraneando tanto tiempo cuando el pa\u00eds est\u00e1 muy dif\u00edcil&#8221;, arremeti\u00f3. Y agreg\u00f3: &#8220;Yo no s\u00e9 quien maneja el pa\u00eds en este momento. No lo s\u00e9. No entiendo como un gobernante se va de vacaciones. No es momento. Los funcionarios no se tienen que ir de vacaciones. Quedens\u00e9 aqu\u00ed. Se\u00f1ores, enfrenten la situaci\u00f3n, arreglen el pa\u00eds. Nosotros, los ciudadanos, estamos a la expectativa. Un gobierno es gerenciar, es una gesti\u00f3n, yo no me ir\u00eda jam\u00e1s si tengo una empresa y estoy pasando dificultades&#8221;.<\/p>\n<p>&nbsp;<\/p>\n<p>Adem\u00e1s, y entre elogios a Mar\u00eda Eugenia Vidal, la nonagenaria actriz aprovech\u00f3 para lanzar otro tirito a Macri: &#8220;El presidente deber\u00eda hablarle m\u00e1s a la gente. Tiene el prurito de la cadena nacional. \u00a1Use la cadena nacional! Si est\u00e1 contemplada dentro de la Constituci\u00f3n. Deber\u00eda haber dado un saludo para Navidad y otro para A\u00f1o Nuevo, y explicarnos c\u00f3mo est\u00e1 el pa\u00eds realmente. Nos enteramos por los medios sobre lo que sucede&#8221;, fustig\u00f3.<\/p>\n","protected":false},"excerpt":{"rendered":"<p>La conductora que este a\u00f1o cumple medio siglo de almuerzos televisivos fue muy dura con la gesti\u00f3n nacional de Cambiemos. Inflaci\u00f3n, inseguridad y el descanso de los funcionarios, en el foco de su an\u00e1lisis &nbsp; &nbsp; &nbsp; &#8220;La Argentina es un cuento de nunca acabar&#8221;, apunt\u00f3 Mirtha Legrand al ser consultada sobre la realidad nacional. &#8220;Aumentan las tarifas, entonces a posteriori vienen las paritarias y aumentan los sueldos. Y luego se cierra el c\u00edrculo porque vuelven a aumentar las tarifas. Esto es lo que produce la inflaci\u00f3n tremenda que estamos&#8230;<\/p>\n","protected":false},"author":3,"featured_media":22047,"comment_status":"closed","ping_status":"closed","sticky":false,"template":"","format":"standard","meta":[],"categories":[4],"tags":[],"_links":{"self":[{"href":"https:\/\/www.actualidadadiario.com\/index.php\/wp-json\/wp\/v2\/posts\/22046"}],"collection":[{"href":"https:\/\/www.actualidadadiario.com\/index.php\/wp-json\/wp\/v2\/posts"}],"about":[{"href":"https:\/\/www.actualidadadiario.com\/index.php\/wp-json\/wp\/v2\/types\/post"}],"author":[{"embeddable":true,"href":"https:\/\/www.actualidadadiario.com\/index.php\/wp-json\/wp\/v2\/users\/3"}],"replies":[{"embeddable":true,"href":"https:\/\/www.actualidadadiario.com\/index.php\/wp-json\/wp\/v2\/comments?post=22046"}],"version-history":[{"count":1,"href":"https:\/\/www.actualidadadiario.com\/index.php\/wp-json\/wp\/v2\/posts\/22046\/revisions"}],"predecessor-version":[{"id":22048,"href":"https:\/\/www.actualidadadiario.com\/index.php\/wp-json\/wp\/v2\/posts\/22046\/revisions\/22048"}],"wp:featuredmedia":[{"embeddable":true,"href":"https:\/\/www.actualidadadiario.com\/index.php\/wp-json\/wp\/v2\/media\/22047"}],"wp:attachment":[{"href":"https:\/\/www.actualidadadiario.com\/index.php\/wp-json\/wp\/v2\/media?parent=22046"}],"wp:term":[{"taxonomy":"category","embeddable":true,"href":"https:\/\/www.actualidadadiario.com\/index.php\/wp-json\/wp\/v2\/categories?post=22046"},{"taxonomy":"post_tag","embeddable":true,"href":"https:\/\/www.actualidadadiario.com\/index.php\/wp-json\/wp\/v2\/tags?post=22046"}],"curies":[{"name":"wp","href":"https:\/\/api.w.org\/{rel}","templated":true}]}}