{"id":22037,"date":"2018-01-05T11:46:28","date_gmt":"2018-01-05T14:46:28","guid":{"rendered":"http:\/\/actualidadadiario.com\/site\/?p=22037"},"modified":"2018-11-06T19:18:15","modified_gmt":"2018-11-06T22:18:15","slug":"francisco-confirmo-que-desclasificara-los-archivos-del-vaticano-de-la-dictadura-uruguaya","status":"publish","type":"post","link":"https:\/\/www.actualidadadiario.com\/index.php\/2018\/01\/05\/francisco-confirmo-que-desclasificara-los-archivos-del-vaticano-de-la-dictadura-uruguaya\/","title":{"rendered":"Francisco confirm\u00f3 que desclasificar\u00e1 los archivos del Vaticano de la dictadura uruguaya"},"content":{"rendered":"<p><em><strong>El papa Francisco ratific\u00f3 su &#8220;compromiso&#8221; para desclasificar los archivos que el Vaticano tiene sobre la \u00faltima dictadura militar uruguaya (1973-1985), como ya hizo con el material sobre los a\u00f1os de la represi\u00f3n en Argentina<\/strong><\/em><\/p>\n<p>&nbsp;<\/p>\n<p>&nbsp;<\/p>\n<p>&nbsp;<\/p>\n<p>&#8220;El santo padre me renov\u00f3 su compromiso para la desclasificaci\u00f3n de los archivos y mostr\u00f3 otra su apoyo y solidaridad a los movimientos de Derechos Humanos de Uruguay&#8221;, dijo a T\u00e9lam el nuevo embajador uruguayo ante el Vaticano, Mario Cayota, tras tener una reuni\u00f3n de media hora con el pont\u00edfice para la presentaci\u00f3n de sus cartas credenciales.<\/p>\n<p>&nbsp;<\/p>\n<p>&#8220;Fue una reuni\u00f3n cordial en la que Francisco confirm\u00f3 la idea de avanzar en la desclasificaci\u00f3n, al igual que el secretario de Estado Pietro Parol\u00edn con quien me reun\u00ed luego para iniciar los avances en este tema&#8221;, agreg\u00f3 Cayota.<\/p>\n<p>&nbsp;<\/p>\n<p>Cayota, ex embajador ante el Vaticano entre 2006 y 2011, hab\u00eda sido designado por el presidente Tabar\u00e9 V\u00e1zquez a fin de 2016 como responsable del grupo de investigaci\u00f3n sobre los archivos que posee la Santa Sede sobre la dictadura del pa\u00eds sudamericano.<\/p>\n<p>&nbsp;<\/p>\n<p>Seg\u00fan supo T\u00e9lam de fuentes diplom\u00e1ticas, a\u00fan restan detalles para definir si la desclasificaci\u00f3n se har\u00e1 con un criterio igual al argentino, en el que solo los familiares de desaparecidos pueden acceder a la documentaci\u00f3n, o si se contemplar\u00e1 la posibilidad de un modelo de acceso m\u00e1s amplio, como reclama la sociedad civil uruguaya.<\/p>\n<p>&nbsp;<\/p>\n<p>Durante la reuni\u00f3n que mantuvieron con el pont\u00edfice durante m\u00e1s de media hora en la biblioteca privada del palacio apost\u00f3lico, Cayota y Bergoglio se refirieron tambi\u00e9n &#8220;a temas de actualidad de la regi\u00f3n, como la situaci\u00f3n de la denominada Patria Grande y la vigencia del\u00a0 ensamiento de pr\u00f3ceres como Jos\u00e9 Gervasio Artigas&#8221;, agreg\u00f3 el embajador.<\/p>\n<p>&nbsp;<\/p>\n<p>En su segundo mandato como representante diplom\u00e1tico ante la Santa Sede, Cayota reemplaza ahora a Francisco Ottonelli, que debi\u00f3 abandonar la misi\u00f3n por problemas de salud a fines de 2017.<\/p>\n","protected":false},"excerpt":{"rendered":"<p>El papa Francisco ratific\u00f3 su &#8220;compromiso&#8221; para desclasificar los archivos que el Vaticano tiene sobre la \u00faltima dictadura militar uruguaya (1973-1985), como ya hizo con el material sobre los a\u00f1os de la represi\u00f3n en Argentina &nbsp; &nbsp; &nbsp; &#8220;El santo padre me renov\u00f3 su compromiso para la desclasificaci\u00f3n de los archivos y mostr\u00f3 otra su apoyo y solidaridad a los movimientos de Derechos Humanos de Uruguay&#8221;, dijo a T\u00e9lam el nuevo embajador uruguayo ante el Vaticano, Mario Cayota, tras tener una reuni\u00f3n de media hora con el pont\u00edfice para la&#8230;<\/p>\n","protected":false},"author":3,"featured_media":22038,"comment_status":"closed","ping_status":"closed","sticky":false,"template":"","format":"standard","meta":[],"categories":[4],"tags":[],"_links":{"self":[{"href":"https:\/\/www.actualidadadiario.com\/index.php\/wp-json\/wp\/v2\/posts\/22037"}],"collection":[{"href":"https:\/\/www.actualidadadiario.com\/index.php\/wp-json\/wp\/v2\/posts"}],"about":[{"href":"https:\/\/www.actualidadadiario.com\/index.php\/wp-json\/wp\/v2\/types\/post"}],"author":[{"embeddable":true,"href":"https:\/\/www.actualidadadiario.com\/index.php\/wp-json\/wp\/v2\/users\/3"}],"replies":[{"embeddable":true,"href":"https:\/\/www.actualidadadiario.com\/index.php\/wp-json\/wp\/v2\/comments?post=22037"}],"version-history":[{"count":1,"href":"https:\/\/www.actualidadadiario.com\/index.php\/wp-json\/wp\/v2\/posts\/22037\/revisions"}],"predecessor-version":[{"id":22039,"href":"https:\/\/www.actualidadadiario.com\/index.php\/wp-json\/wp\/v2\/posts\/22037\/revisions\/22039"}],"wp:featuredmedia":[{"embeddable":true,"href":"https:\/\/www.actualidadadiario.com\/index.php\/wp-json\/wp\/v2\/media\/22038"}],"wp:attachment":[{"href":"https:\/\/www.actualidadadiario.com\/index.php\/wp-json\/wp\/v2\/media?parent=22037"}],"wp:term":[{"taxonomy":"category","embeddable":true,"href":"https:\/\/www.actualidadadiario.com\/index.php\/wp-json\/wp\/v2\/categories?post=22037"},{"taxonomy":"post_tag","embeddable":true,"href":"https:\/\/www.actualidadadiario.com\/index.php\/wp-json\/wp\/v2\/tags?post=22037"}],"curies":[{"name":"wp","href":"https:\/\/api.w.org\/{rel}","templated":true}]}}