{"id":22028,"date":"2018-01-05T11:44:14","date_gmt":"2018-01-05T14:44:14","guid":{"rendered":"http:\/\/actualidadadiario.com\/site\/?p=22028"},"modified":"2018-11-06T19:18:29","modified_gmt":"2018-11-06T22:18:29","slug":"la-prorroga-de-la-licencia-a-oca-alimenta-versiones-de-un-acuerdo-con-moyano-por-la-reforma-laboral","status":"publish","type":"post","link":"https:\/\/www.actualidadadiario.com\/index.php\/2018\/01\/05\/la-prorroga-de-la-licencia-a-oca-alimenta-versiones-de-un-acuerdo-con-moyano-por-la-reforma-laboral\/","title":{"rendered":"La pr\u00f3rroga de la licencia a OCA alimenta versiones de un acuerdo con Moyano por la reforma laboral"},"content":{"rendered":"<p><em><strong>En la CGT dicen que no hay cambios en la postura, pero genera suspicacias el silencio de Pablo Moyano<\/strong><\/em><\/p>\n<p>&nbsp;<\/p>\n<p>&nbsp;<\/p>\n<p>&nbsp;<\/p>\n<p>La decisi\u00f3n del Gobierno de Mauricio Macri de extenderle nuevamente la licencia para operar a OCA aliment\u00f3 las versiones de un acuerdo con Hugo Moyano para destrabar la reforma laboral, que la Rosada quiere aprobar en febrero.<\/p>\n<p>&nbsp;<\/p>\n<p>Este viernes se reunir\u00e1 el directorio del Ente Nacional de Comunicaciones (ENaCom) y aprobar\u00e1 una pr\u00f3rroga por 30 d\u00edas de la licencia de OCA, a la espera de que se dirima la disputa judicial con la AFIP por la millonaria deuda.<\/p>\n<p>&nbsp;<\/p>\n<p>Seg\u00fan la informaci\u00f3n de Clar\u00edn, la decisi\u00f3n de darle a OCA una nueva pr\u00f3rroga de 30 d\u00edas se tom\u00f3 en una mesa chica que Macri arm\u00f3 para trabajar sobre este tema, y que est\u00e1 integrada por Mario Quintana, Andr\u00e9s Ibarra, Alberto Abad, Jorge Triaca, y Miguel de Godoy. Es decir que la decisi\u00f3n tiene el visto bueno del Presidente, que p\u00fablicamente hab\u00eda advertido al camionero que &#8220;no hay que apropiarse de los impuestos&#8221;.<\/p>\n<p>&nbsp;<\/p>\n<p>En paralelo a la pr\u00f3rroga de la licencia, los directivos de OCA avanzan en un acuerdo con la AFIP para afrontar una deuda de unos 900 millones de pesos que qued\u00f3 afuera del concurso de acreedores que la Justicia orden\u00f3 reabrir, y que contempla una deuda de unos 3000 millones.<\/p>\n<p>&nbsp;<\/p>\n<p>Hasta ahora el titular de la AFIP se hab\u00eda mostrado inflexible respecto a darle a OCA la posibilidad de pagar en c\u00f3modas cuotas, lo que lo llev\u00f3 a cruzarse feo con Quintana, y hasta gener\u00f3 rumores de una renuncia de Abad, que el propio Macri frenado. El vicejefe de Gabinete est\u00e1 obsesionado con el correo desde sus \u00e9pocas de empresarios y su objetivo final es correr a los Moyano del control real de la firma y hasta especul\u00f3 con un fallo que le abriera la puerta a la intervenci\u00f3n.<\/p>\n<p>&nbsp;<\/p>\n<p>El abandono de la postura inflexible de Abad parece otro s\u00edntoma del giro de Macri respecto a OCA y por ende a Moyano, que tiene a unos 7 mil afiliados a Camioneros que dependen exclusivamente del devenir del correo.<\/p>\n<p>&nbsp;<\/p>\n<p>La pr\u00f3rroga de la licencia a OCA se mezcla con otra noticia que parece haber calmado los \u00e1nimos opositores del camionero y su hijo. Se trata de la declaraci\u00f3n de Pablo &#8220;Bebote&#8221; \u00c1lvarez que involucr\u00f3 a Pablo Moyano en negocios ilegales con la barra de Independiente. Despu\u00e9s del paro de diciembre el secretario gremial de la CGT baj\u00f3 sugestivamente su perfil.<\/p>\n<p>&nbsp;<\/p>\n<p>En plena convulsi\u00f3n interna y a la espera de definiciones sobre el futuro del triunvirato, en la CGT dicen que por ahora no hay cambios en la postura respecto a la reforma laboral, que un principio la conducci\u00f3n hab\u00eda aprobado tras algunos cambios que introdujo el Gobierno.<\/p>\n<p>&nbsp;<\/p>\n<p>Ese t\u00edmido apoyo se apag\u00f3 cuando Pablo Moyano destroz\u00f3 el proyecto y hasta habl\u00f3 de &#8220;la Banelco&#8221;, lo que hizo que el bloque peronista del Senado desistiera de avanzar con la aprobaci\u00f3n del texto hasta tanto no exista un respaldo un\u00e1nime de la central.<\/p>\n<p>&nbsp;<\/p>\n<p>Fuentes de la central consultadas este jueves dijeron no estar al tanto de un cambio de postura de Moyano sobre la reforma -es decir que ahora la apoye-, pero no descartaron que pueda suceder en las pr\u00f3ximas semanas. S\u00ed admitieron que llam\u00f3 la atenci\u00f3n el silencio de los \u00faltimos d\u00edas de Pablo Moyano, aunque no saben si est\u00e1 relacionado con el tema OCA o Independiente.<\/p>\n<p>&nbsp;<\/p>\n<p>Como sea, una fecha clave para blanquear el posible acercamiento con el Gobierno ser\u00e1 el pr\u00f3ximo martes cuando Moyano inaugure obras en un sanatorio de Camioneros. El gremio invit\u00f3 a ese acto a Macri, quien todav\u00eda no confirm\u00f3 si asistir\u00e1.<\/p>\n","protected":false},"excerpt":{"rendered":"<p>En la CGT dicen que no hay cambios en la postura, pero genera suspicacias el silencio de Pablo Moyano &nbsp; &nbsp; &nbsp; La decisi\u00f3n del Gobierno de Mauricio Macri de extenderle nuevamente la licencia para operar a OCA aliment\u00f3 las versiones de un acuerdo con Hugo Moyano para destrabar la reforma laboral, que la Rosada quiere aprobar en febrero. &nbsp; Este viernes se reunir\u00e1 el directorio del Ente Nacional de Comunicaciones (ENaCom) y aprobar\u00e1 una pr\u00f3rroga por 30 d\u00edas de la licencia de OCA, a la espera de que se&#8230;<\/p>\n","protected":false},"author":3,"featured_media":22029,"comment_status":"closed","ping_status":"closed","sticky":false,"template":"","format":"standard","meta":[],"categories":[18],"tags":[],"_links":{"self":[{"href":"https:\/\/www.actualidadadiario.com\/index.php\/wp-json\/wp\/v2\/posts\/22028"}],"collection":[{"href":"https:\/\/www.actualidadadiario.com\/index.php\/wp-json\/wp\/v2\/posts"}],"about":[{"href":"https:\/\/www.actualidadadiario.com\/index.php\/wp-json\/wp\/v2\/types\/post"}],"author":[{"embeddable":true,"href":"https:\/\/www.actualidadadiario.com\/index.php\/wp-json\/wp\/v2\/users\/3"}],"replies":[{"embeddable":true,"href":"https:\/\/www.actualidadadiario.com\/index.php\/wp-json\/wp\/v2\/comments?post=22028"}],"version-history":[{"count":1,"href":"https:\/\/www.actualidadadiario.com\/index.php\/wp-json\/wp\/v2\/posts\/22028\/revisions"}],"predecessor-version":[{"id":22030,"href":"https:\/\/www.actualidadadiario.com\/index.php\/wp-json\/wp\/v2\/posts\/22028\/revisions\/22030"}],"wp:featuredmedia":[{"embeddable":true,"href":"https:\/\/www.actualidadadiario.com\/index.php\/wp-json\/wp\/v2\/media\/22029"}],"wp:attachment":[{"href":"https:\/\/www.actualidadadiario.com\/index.php\/wp-json\/wp\/v2\/media?parent=22028"}],"wp:term":[{"taxonomy":"category","embeddable":true,"href":"https:\/\/www.actualidadadiario.com\/index.php\/wp-json\/wp\/v2\/categories?post=22028"},{"taxonomy":"post_tag","embeddable":true,"href":"https:\/\/www.actualidadadiario.com\/index.php\/wp-json\/wp\/v2\/tags?post=22028"}],"curies":[{"name":"wp","href":"https:\/\/api.w.org\/{rel}","templated":true}]}}