{"id":22025,"date":"2018-01-05T11:43:31","date_gmt":"2018-01-05T14:43:31","guid":{"rendered":"http:\/\/actualidadadiario.com\/site\/?p=22025"},"modified":"2018-11-06T19:18:41","modified_gmt":"2018-11-06T22:18:41","slug":"tras-pedir-no-endeudarse-mas-macri-habilita-a-tomar-otros-15-000-millones-de-dolares","status":"publish","type":"post","link":"https:\/\/www.actualidadadiario.com\/index.php\/2018\/01\/05\/tras-pedir-no-endeudarse-mas-macri-habilita-a-tomar-otros-15-000-millones-de-dolares\/","title":{"rendered":"Tras pedir no endeudarse m\u00e1s, Macri habilita a tomar otros 15.000 millones de d\u00f3lares"},"content":{"rendered":"<p><em><strong>La medida publicada en el Bolet\u00edn Oficial lleva la firma del presidente Mauricio Macri y del jefe de Gabinete, Marcos Pe\u00f1a; y del ministro de Finanzas, Luis Caputo. A trav\u00e9s del documento, se le otorg\u00f3 adem\u00e1s la facultad al Ministerio de Finanzas de emitir estos t\u00edtulos de la manera en que lo considere necesario<\/strong><\/em><\/p>\n<p>&nbsp;<\/p>\n<p>&nbsp;<\/p>\n<p>&nbsp;<\/p>\n<p>Luego de que el martes pasado, el presidente Macri llamara a &#8220;vivir con lo que tenemos&#8221;, esta ma\u00f1ana en el Bolet\u00edn Oficial se public\u00f3 la habilitaci\u00f3n para profundizar endeudamiento. Adem\u00e1s, se le otorg\u00f3 la facultad al Ministerio de Finanzas de emitir estos t\u00edtulos de la manera en que lo considere necesario.<\/p>\n<p>&nbsp;<\/p>\n<p>Cabe recordar que Macri particip\u00f3 de su primera actividad oficial de 2018, al dejar inauguradas las obras de ampliaci\u00f3n del Parque E\u00f3lico Rawson, en la provincia de Chubut, donde asegur\u00f3: &#8220;No queremos seguir tomando deuda y obligar a que nuestros hijos la paguen&#8221;.<\/p>\n<p>&nbsp;<\/p>\n<p>Sin embargo, dos d\u00edas despu\u00e9s de esas declaraciones, a trav\u00e9s del decreto 2\/2018 publicado hoy en el Bolet\u00edn Oficial con las firmas del presidente Mauricio Macri, del jefe de Gabinete, Marcos Pe\u00f1a; y del ministro de Finanzas, Luis Caputo, se autoriz\u00f3 una nueva ampliaci\u00f3n en la toma de deuda por US$ 15.000 millones.<\/p>\n","protected":false},"excerpt":{"rendered":"<p>La medida publicada en el Bolet\u00edn Oficial lleva la firma del presidente Mauricio Macri y del jefe de Gabinete, Marcos Pe\u00f1a; y del ministro de Finanzas, Luis Caputo. A trav\u00e9s del documento, se le otorg\u00f3 adem\u00e1s la facultad al Ministerio de Finanzas de emitir estos t\u00edtulos de la manera en que lo considere necesario &nbsp; &nbsp; &nbsp; Luego de que el martes pasado, el presidente Macri llamara a &#8220;vivir con lo que tenemos&#8221;, esta ma\u00f1ana en el Bolet\u00edn Oficial se public\u00f3 la habilitaci\u00f3n para profundizar endeudamiento. Adem\u00e1s, se le otorg\u00f3&#8230;<\/p>\n","protected":false},"author":3,"featured_media":22026,"comment_status":"closed","ping_status":"closed","sticky":false,"template":"","format":"standard","meta":[],"categories":[9,18],"tags":[],"_links":{"self":[{"href":"https:\/\/www.actualidadadiario.com\/index.php\/wp-json\/wp\/v2\/posts\/22025"}],"collection":[{"href":"https:\/\/www.actualidadadiario.com\/index.php\/wp-json\/wp\/v2\/posts"}],"about":[{"href":"https:\/\/www.actualidadadiario.com\/index.php\/wp-json\/wp\/v2\/types\/post"}],"author":[{"embeddable":true,"href":"https:\/\/www.actualidadadiario.com\/index.php\/wp-json\/wp\/v2\/users\/3"}],"replies":[{"embeddable":true,"href":"https:\/\/www.actualidadadiario.com\/index.php\/wp-json\/wp\/v2\/comments?post=22025"}],"version-history":[{"count":1,"href":"https:\/\/www.actualidadadiario.com\/index.php\/wp-json\/wp\/v2\/posts\/22025\/revisions"}],"predecessor-version":[{"id":22027,"href":"https:\/\/www.actualidadadiario.com\/index.php\/wp-json\/wp\/v2\/posts\/22025\/revisions\/22027"}],"wp:featuredmedia":[{"embeddable":true,"href":"https:\/\/www.actualidadadiario.com\/index.php\/wp-json\/wp\/v2\/media\/22026"}],"wp:attachment":[{"href":"https:\/\/www.actualidadadiario.com\/index.php\/wp-json\/wp\/v2\/media?parent=22025"}],"wp:term":[{"taxonomy":"category","embeddable":true,"href":"https:\/\/www.actualidadadiario.com\/index.php\/wp-json\/wp\/v2\/categories?post=22025"},{"taxonomy":"post_tag","embeddable":true,"href":"https:\/\/www.actualidadadiario.com\/index.php\/wp-json\/wp\/v2\/tags?post=22025"}],"curies":[{"name":"wp","href":"https:\/\/api.w.org\/{rel}","templated":true}]}}