{"id":22022,"date":"2018-01-05T11:42:48","date_gmt":"2018-01-05T14:42:48","guid":{"rendered":"http:\/\/actualidadadiario.com\/site\/?p=22022"},"modified":"2018-11-06T19:18:37","modified_gmt":"2018-11-06T22:18:37","slug":"un-juez-de-feria-desoye-a-la-anses-y-le-dara-lugar-a-un-amparo-contra-la-reforma-previsional","status":"publish","type":"post","link":"https:\/\/www.actualidadadiario.com\/index.php\/2018\/01\/05\/un-juez-de-feria-desoye-a-la-anses-y-le-dara-lugar-a-un-amparo-contra-la-reforma-previsional\/","title":{"rendered":"Un juez de feria desoye a la Anses y le dar\u00e1 lugar a un amparo contra la reforma previsional"},"content":{"rendered":"<p><em><strong>El organismo que conduce Emilio Basavilbaso hab\u00eda realizado una presentaci\u00f3n para que todos los reclamos que piden la inconstitucionalidad de la reforma que ajusta el haber jubilatorio queden en manos de un mismo juzgado pero un juez de feria analizar\u00e1 los argumentos presentados por ATE en un recurso de amparo<\/strong><\/em><\/p>\n<p>&nbsp;<\/p>\n<p>&nbsp;<\/p>\n<p>&nbsp;<\/p>\n<p>La estrategia judicial del Gobierno de Mauricio Macri para evitar una catarata de recursos de amparo en distintos juzgados pidiendo la inconstitucionalidad de la reforma previsional empieza a complicarse ya que el juez federal de la Seguridad Social Walter Carnota, a cargo de la feria judicial de verano, deber\u00e1 expedirse respecto a la constitucionalidad de la nueva f\u00f3rmula de actualizaci\u00f3n jubilatoria.<\/p>\n<p>&nbsp;<\/p>\n<p>De esta forma deber\u00e1 analizar los argumentos que present\u00f3 la Asociaci\u00f3n de Trabajadores del Estado (ATE) en un amparo \u201cen tutela de los derechos de incidencia colectiva de alrededor de 18 millones de trabajadores cuyos derechos patrimoniales y almentarios son vulnerados por la sanci\u00f3n\u201d de la flamante ley 27.426.<\/p>\n<p>&nbsp;<\/p>\n<p>En la ante\u00faltima semana del a\u00f1o anterior la Administraci\u00f3n Nacional de la Seguridad Social realiz\u00f3 una presentaci\u00f3n para que todos los amparos contra la reforma previsional que recorta el ingreso de los jubilados recaigan en el juzgado n\u00famero 2 del fuero federal de la seguridad social, a cargo del juez subrogante Fernando Strasser.<\/p>\n<p>&nbsp;<\/p>\n<p>La presentaci\u00f3n que lleva la firma del secretario general Hugo &#8220;Cachorro&#8221; Godoy a violaci\u00f3n del principio de \u201cprogresividad\u201d del sistema jubilatorio, que ha sido reconocido por el Estado Argentino mediante su adhesi\u00f3n a distintos tratados internacionales.<\/p>\n","protected":false},"excerpt":{"rendered":"<p>El organismo que conduce Emilio Basavilbaso hab\u00eda realizado una presentaci\u00f3n para que todos los reclamos que piden la inconstitucionalidad de la reforma que ajusta el haber jubilatorio queden en manos de un mismo juzgado pero un juez de feria analizar\u00e1 los argumentos presentados por ATE en un recurso de amparo &nbsp; &nbsp; &nbsp; La estrategia judicial del Gobierno de Mauricio Macri para evitar una catarata de recursos de amparo en distintos juzgados pidiendo la inconstitucionalidad de la reforma previsional empieza a complicarse ya que el juez federal de la Seguridad&#8230;<\/p>\n","protected":false},"author":3,"featured_media":22023,"comment_status":"closed","ping_status":"closed","sticky":false,"template":"","format":"standard","meta":[],"categories":[18],"tags":[],"_links":{"self":[{"href":"https:\/\/www.actualidadadiario.com\/index.php\/wp-json\/wp\/v2\/posts\/22022"}],"collection":[{"href":"https:\/\/www.actualidadadiario.com\/index.php\/wp-json\/wp\/v2\/posts"}],"about":[{"href":"https:\/\/www.actualidadadiario.com\/index.php\/wp-json\/wp\/v2\/types\/post"}],"author":[{"embeddable":true,"href":"https:\/\/www.actualidadadiario.com\/index.php\/wp-json\/wp\/v2\/users\/3"}],"replies":[{"embeddable":true,"href":"https:\/\/www.actualidadadiario.com\/index.php\/wp-json\/wp\/v2\/comments?post=22022"}],"version-history":[{"count":1,"href":"https:\/\/www.actualidadadiario.com\/index.php\/wp-json\/wp\/v2\/posts\/22022\/revisions"}],"predecessor-version":[{"id":22024,"href":"https:\/\/www.actualidadadiario.com\/index.php\/wp-json\/wp\/v2\/posts\/22022\/revisions\/22024"}],"wp:featuredmedia":[{"embeddable":true,"href":"https:\/\/www.actualidadadiario.com\/index.php\/wp-json\/wp\/v2\/media\/22023"}],"wp:attachment":[{"href":"https:\/\/www.actualidadadiario.com\/index.php\/wp-json\/wp\/v2\/media?parent=22022"}],"wp:term":[{"taxonomy":"category","embeddable":true,"href":"https:\/\/www.actualidadadiario.com\/index.php\/wp-json\/wp\/v2\/categories?post=22022"},{"taxonomy":"post_tag","embeddable":true,"href":"https:\/\/www.actualidadadiario.com\/index.php\/wp-json\/wp\/v2\/tags?post=22022"}],"curies":[{"name":"wp","href":"https:\/\/api.w.org\/{rel}","templated":true}]}}