{"id":22010,"date":"2018-01-05T11:39:50","date_gmt":"2018-01-05T14:39:50","guid":{"rendered":"http:\/\/actualidadadiario.com\/site\/?p=22010"},"modified":"2018-11-06T19:13:49","modified_gmt":"2018-11-06T22:13:49","slug":"electronica-fueguina-la-peor-caida-de-produccion-en-10-anos","status":"publish","type":"post","link":"https:\/\/www.actualidadadiario.com\/index.php\/2018\/01\/05\/electronica-fueguina-la-peor-caida-de-produccion-en-10-anos\/","title":{"rendered":"Electr\u00f3nica fueguina: la peor ca\u00edda de producci\u00f3n en 10 a\u00f1os"},"content":{"rendered":"<p><em><strong>De acuerdo con cifras del INDEC las f\u00e1bricas de Tierra del Fuego tuvieron su peor nivel de actividad en una d\u00e9cada. Bajas alarmantes en relaci\u00f3n con 2016. Los textiles de La Rioja tampoco logran despegar<\/strong><\/em><\/p>\n<p>&nbsp;<\/p>\n<p>&nbsp;<\/p>\n<p>&nbsp;<\/p>\n<p>La industria electr\u00f3nica fueguina sigue cuesta abajo, y mientras busca de forma desesperada mejorar su competitividad para hacer frente a la baja de aranceles a la importaci\u00f3n dispuesta por el gobierno nacional, se conoci\u00f3 que 2017 cerrar\u00e1 con la peor ca\u00edda de la actividad desde 2010, seg\u00fan datos del INDEC.<\/p>\n<p>&nbsp;<\/p>\n<p>La comparaci\u00f3n contra 2016 muestra un desplome de la electr\u00f3nica fueguina, principal industria para la provincia, con bajas que llegan hasta el 38%, como en el caso de los microondas.<\/p>\n<p>&nbsp;<\/p>\n<p>Esto sin contar a la fabricaci\u00f3n de notebooks, tablets y PC, que pas\u00f3 de 290 mil unidades a apenas 16 (diecis\u00e9is, sin m\u00e1s ceros al final) ya que en la provincia gobernada por la peronista Rosana Bertone se hab\u00eda dejado la producci\u00f3n de estos art\u00edculos tras los primeros cambios del macrismo respecto a la baja de aranceles y apertura burocr\u00e1tica con el objetivo de bajar precios de venta al p\u00fablico.<\/p>\n<p>&nbsp;<\/p>\n<p>Por su parte, los aires acondicionados y los televisores bajaron 12% y 9%, respectivamente. Las c\u00e1maras fotogr\u00e1ficas, asimismo se hundieron m\u00e1s de un 80% respecto al a\u00f1o pasado.<\/p>\n<p>&nbsp;<\/p>\n<p>Para este per\u00edodo, la industria electr\u00f3nica de Tierra del Fuego enfrentar\u00e1 un panorama dif\u00edcil. A los n\u00fameros actuales se suman compromisos que resultan de la reforma tributaria.<\/p>\n<p>&nbsp;<\/p>\n<p>Desde 2018 se reduce del 17% al 10,5% el impuesto interno para los productos importados (hasta llegar a cero en 2024) y de 6 al 0% para los nacionales. En un principio, bajaba directo a cero tambi\u00e9n para importados.<\/p>\n<p>&nbsp;<\/p>\n<p>Luego Bertone negoci\u00f3 una modificaci\u00f3n gradual y se sell\u00f3 un acuerdo entre la c\u00e1mara empresaria AFARTE y el gremio metal\u00fargico de la UOM para mantener salarios freezados hasta 2020. La provincia tambi\u00e9n se comprometi\u00f3 a reducir la presi\u00f3n impositiva, pero as\u00ed y todo, la electr\u00f3nica tambalea y busca reorientarse hacia otras ramas, con negociaciones avanzadas con automotrices para convertir a empresas fueguinas en proveedoras de autopartes.<\/p>\n<p>&nbsp;<\/p>\n<p>Otros rubros tampoco logran levantar. Entre ellos, el textil, con epicentro en La Rioja y San Luis.<\/p>\n<p>&nbsp;<\/p>\n<p>Ayer, una de las firmas del sector radicadas en el parque industrial de la provincia gobernada por Sergio Casas, Confecciones Riojanas, anunci\u00f3 que extender\u00e1 las vacaciones obligatorias para sus empleados hasta el 20 de febrero (inicialmente era hasta el 6 de febrero). En ese per\u00edodo, los trabajadores reciben un 70% del salario, como suele ocurrir en las suspensiones.<\/p>\n","protected":false},"excerpt":{"rendered":"<p>De acuerdo con cifras del INDEC las f\u00e1bricas de Tierra del Fuego tuvieron su peor nivel de actividad en una d\u00e9cada. Bajas alarmantes en relaci\u00f3n con 2016. Los textiles de La Rioja tampoco logran despegar &nbsp; &nbsp; &nbsp; La industria electr\u00f3nica fueguina sigue cuesta abajo, y mientras busca de forma desesperada mejorar su competitividad para hacer frente a la baja de aranceles a la importaci\u00f3n dispuesta por el gobierno nacional, se conoci\u00f3 que 2017 cerrar\u00e1 con la peor ca\u00edda de la actividad desde 2010, seg\u00fan datos del INDEC. &nbsp; La&#8230;<\/p>\n","protected":false},"author":3,"featured_media":22011,"comment_status":"closed","ping_status":"closed","sticky":false,"template":"","format":"standard","meta":[],"categories":[2],"tags":[],"_links":{"self":[{"href":"https:\/\/www.actualidadadiario.com\/index.php\/wp-json\/wp\/v2\/posts\/22010"}],"collection":[{"href":"https:\/\/www.actualidadadiario.com\/index.php\/wp-json\/wp\/v2\/posts"}],"about":[{"href":"https:\/\/www.actualidadadiario.com\/index.php\/wp-json\/wp\/v2\/types\/post"}],"author":[{"embeddable":true,"href":"https:\/\/www.actualidadadiario.com\/index.php\/wp-json\/wp\/v2\/users\/3"}],"replies":[{"embeddable":true,"href":"https:\/\/www.actualidadadiario.com\/index.php\/wp-json\/wp\/v2\/comments?post=22010"}],"version-history":[{"count":1,"href":"https:\/\/www.actualidadadiario.com\/index.php\/wp-json\/wp\/v2\/posts\/22010\/revisions"}],"predecessor-version":[{"id":22012,"href":"https:\/\/www.actualidadadiario.com\/index.php\/wp-json\/wp\/v2\/posts\/22010\/revisions\/22012"}],"wp:featuredmedia":[{"embeddable":true,"href":"https:\/\/www.actualidadadiario.com\/index.php\/wp-json\/wp\/v2\/media\/22011"}],"wp:attachment":[{"href":"https:\/\/www.actualidadadiario.com\/index.php\/wp-json\/wp\/v2\/media?parent=22010"}],"wp:term":[{"taxonomy":"category","embeddable":true,"href":"https:\/\/www.actualidadadiario.com\/index.php\/wp-json\/wp\/v2\/categories?post=22010"},{"taxonomy":"post_tag","embeddable":true,"href":"https:\/\/www.actualidadadiario.com\/index.php\/wp-json\/wp\/v2\/tags?post=22010"}],"curies":[{"name":"wp","href":"https:\/\/api.w.org\/{rel}","templated":true}]}}