{"id":21995,"date":"2018-01-05T11:35:39","date_gmt":"2018-01-05T14:35:39","guid":{"rendered":"http:\/\/actualidadadiario.com\/site\/?p=21995"},"modified":"2018-11-06T19:13:49","modified_gmt":"2018-11-06T22:13:49","slug":"investigan-por-que-el-padre-de-nahir-galarza-dejo-el-arma-sobre-la-heladera","status":"publish","type":"post","link":"https:\/\/www.actualidadadiario.com\/index.php\/2018\/01\/05\/investigan-por-que-el-padre-de-nahir-galarza-dejo-el-arma-sobre-la-heladera\/","title":{"rendered":"Investigan por qu\u00e9 el padre de Nahir Galarza dej\u00f3 el arma sobre la heladera"},"content":{"rendered":"<p><em><strong>Asuntos Internos de la Polic\u00eda de Entre R\u00edos sancionar\u00e1 a Marcelo Galarza por no preservar el rev\u00f3lver con el que su hija habr\u00eda matado a Fernando Patorizzo<\/strong><\/em><\/p>\n<p>&nbsp;<\/p>\n<p>&nbsp;<\/p>\n<p>&nbsp;<\/p>\n<p>Marcelo Galarza -padre de Nahir, la joven que asesin\u00f3 de dos balazos a su expareja Fernando Pastorizzo en Gualeguaych\u00fa- est\u00e1 en la mira de la justicia. Asuntos Internos de la Polic\u00eda de Entre R\u00edos lo sancionar\u00e1 por dejar sobre la heladera de su casa el arma con la que su hija habr\u00eda asesinado al joven.<\/p>\n<p>&nbsp;<\/p>\n<p>El jefe de la Departamental de Polic\u00eda de la ciudad, Carlos P\u00e9rez, anticip\u00f3 que Galarza, quien pertenece a la fuerza, ser\u00e1 sancionado disciplinariamente porque &#8220;cometi\u00f3 una irregularidad&#8221;, seg\u00fan consign\u00f3 el portal local de noticias Uno Entre R\u00edos.<\/p>\n<p>&nbsp;<\/p>\n<p>&#8220;El estado policial es una situaci\u00f3n jur\u00eddica que todo polic\u00eda debe respetar desde que se forma como tal. Por ese estado, el uniformado debe portar su arma en todo momento y en todo lugar, las 24 horas del d\u00eda. Por eso se determinar\u00e1 en qu\u00e9 circunstancias la joven se hizo con el arma&#8221;, indic\u00f3.<\/p>\n<p>&nbsp;<\/p>\n<p>Galarza se defendi\u00f3 al sostener que nunca tuvo el arma \u201cen un lugar a mano, sino a cierta altura&#8221;.\u00a0 Y detall\u00f3: &#8220;No a 10 metros, pero la dejamos donde la dejamos siempre: arriba de la heladera\u201d, se\u00f1al\u00f3.<\/p>\n<p>&nbsp;<\/p>\n<p>\u201cCualquier polic\u00eda la va a resguardar cuando los nenes tienen 7, 8 a\u00f1os, pero despu\u00e9s no la est\u00e1s ocultando. Llegas a tu casa, ven\u00eds cansado y la dej\u00e1s arriba de algo. Qu\u00e9 la llev\u00f3 a Nahir a tomar el arma, eso no lo s\u00e9\u201d, acot\u00f3 el padre de la detenida hombre, cuya presencia en la escena del crimen ya fue descartada por los investigadores.<\/p>\n<p>&nbsp;<\/p>\n<p>&nbsp;<\/p>\n<p><strong>Situaci\u00f3n judicial<\/strong><\/p>\n<p>Acerca de la situaci\u00f3n de la joven de 19 a\u00f1os, quien el mi\u00e9rcoles fue imputada del delito de homicidio agravado por el v\u00ednculo, P\u00e9rez se\u00f1al\u00f3 que hay pruebas que la comprometen y adelant\u00f3 que el Juez de Garant\u00edas que entiende en la causa podr\u00eda derivarla a una unidad carcelaria que podr\u00eda ser la Unidad Penal N\u00b0 9 mixta de El Potrero o la UP 6 de Paran\u00e1.<\/p>\n<p>&nbsp;<\/p>\n","protected":false},"excerpt":{"rendered":"<p>Asuntos Internos de la Polic\u00eda de Entre R\u00edos sancionar\u00e1 a Marcelo Galarza por no preservar el rev\u00f3lver con el que su hija habr\u00eda matado a Fernando Patorizzo &nbsp; &nbsp; &nbsp; Marcelo Galarza -padre de Nahir, la joven que asesin\u00f3 de dos balazos a su expareja Fernando Pastorizzo en Gualeguaych\u00fa- est\u00e1 en la mira de la justicia. Asuntos Internos de la Polic\u00eda de Entre R\u00edos lo sancionar\u00e1 por dejar sobre la heladera de su casa el arma con la que su hija habr\u00eda asesinado al joven. &nbsp; El jefe de la&#8230;<\/p>\n","protected":false},"author":3,"featured_media":21996,"comment_status":"closed","ping_status":"closed","sticky":false,"template":"","format":"standard","meta":[],"categories":[15],"tags":[],"_links":{"self":[{"href":"https:\/\/www.actualidadadiario.com\/index.php\/wp-json\/wp\/v2\/posts\/21995"}],"collection":[{"href":"https:\/\/www.actualidadadiario.com\/index.php\/wp-json\/wp\/v2\/posts"}],"about":[{"href":"https:\/\/www.actualidadadiario.com\/index.php\/wp-json\/wp\/v2\/types\/post"}],"author":[{"embeddable":true,"href":"https:\/\/www.actualidadadiario.com\/index.php\/wp-json\/wp\/v2\/users\/3"}],"replies":[{"embeddable":true,"href":"https:\/\/www.actualidadadiario.com\/index.php\/wp-json\/wp\/v2\/comments?post=21995"}],"version-history":[{"count":1,"href":"https:\/\/www.actualidadadiario.com\/index.php\/wp-json\/wp\/v2\/posts\/21995\/revisions"}],"predecessor-version":[{"id":21997,"href":"https:\/\/www.actualidadadiario.com\/index.php\/wp-json\/wp\/v2\/posts\/21995\/revisions\/21997"}],"wp:featuredmedia":[{"embeddable":true,"href":"https:\/\/www.actualidadadiario.com\/index.php\/wp-json\/wp\/v2\/media\/21996"}],"wp:attachment":[{"href":"https:\/\/www.actualidadadiario.com\/index.php\/wp-json\/wp\/v2\/media?parent=21995"}],"wp:term":[{"taxonomy":"category","embeddable":true,"href":"https:\/\/www.actualidadadiario.com\/index.php\/wp-json\/wp\/v2\/categories?post=21995"},{"taxonomy":"post_tag","embeddable":true,"href":"https:\/\/www.actualidadadiario.com\/index.php\/wp-json\/wp\/v2\/tags?post=21995"}],"curies":[{"name":"wp","href":"https:\/\/api.w.org\/{rel}","templated":true}]}}