{"id":21992,"date":"2018-01-05T11:34:56","date_gmt":"2018-01-05T14:34:56","guid":{"rendered":"http:\/\/actualidadadiario.com\/site\/?p=21992"},"modified":"2018-11-06T19:13:49","modified_gmt":"2018-11-06T22:13:49","slug":"reparan-222-escuelas-en-vacaciones-con-una-inversion-de-50-millones-de-pesos","status":"publish","type":"post","link":"https:\/\/www.actualidadadiario.com\/index.php\/2018\/01\/05\/reparan-222-escuelas-en-vacaciones-con-una-inversion-de-50-millones-de-pesos\/","title":{"rendered":"Reparan 222 escuelas en vacaciones con una inversi\u00f3n de 50 millones de pesos"},"content":{"rendered":"<p><em><strong>De cara al inicio del ciclo lectivo 2018, a trav\u00e9s del Ministerio de Planeamiento se llevar\u00e1 adelante el Plan Vacaciones, que incluye la ejecuci\u00f3n de 222 obras de reparaciones y mejoras en diferentes establecimientos educativos con una inversi\u00f3n de 50 millones de pesos<\/strong><\/em><\/p>\n<p>&nbsp;<\/p>\n<p>&nbsp;<\/p>\n<p>&nbsp;<\/p>\n<p>&nbsp;<\/p>\n<p>Los trabajos se realizar\u00e1n durante enero, febrero y marzo y los montos que demandar\u00e1n ser\u00e1n aportados \u00edntegramente por la provincia a fin de contar con edificios escolares en condiciones para el inicio del pr\u00f3ximo a\u00f1o escolar.<\/p>\n<p>&nbsp;<\/p>\n<p>Cabe destacar que durante el a\u00f1o 2017 se llev\u00f3 adelante esta iniciativa bajo el nombre de Plan Verano, con una inversi\u00f3n total de 32 millones de pesos, que abarc\u00f3 el 100 por ciento de las solicitudes tramitadas.<\/p>\n<p>&nbsp;<\/p>\n<p>Bajo el Plan Vacaciones se prev\u00e9n obras en los 17 departamentos, que incluyen reparaciones de techos, refacciones generales, atenci\u00f3n de filtraciones y humedades, revoques, cambio y restauraci\u00f3n de aberturas, impermeabilizaci\u00f3n de losas, reparaci\u00f3n de sanitarios, recambio de grifer\u00edas y piletas, revisi\u00f3n de instalaciones el\u00e9ctricas y sanitarias, entre otras.<\/p>\n<p>&nbsp;<\/p>\n<p>El ministro de Planeamiento, Luis Benedetto, se\u00f1al\u00f3 que \u201cse estar\u00e1n iniciando diferentes obras en las pr\u00f3ximas semanas. Estamos convencidos de que es una pol\u00edtica p\u00fablica exitosa que ha permitido llevar soluciones a decenas de escuelas en toda la provincia, por lo cual hemos decidido replicar esta metodolog\u00eda de trabajo durante el receso estival para poder brindar, al inicio del ciclo lectivo, espacios educativos de calidad\u201d.<\/p>\n<p>&nbsp;<\/p>\n<p>\u201cLos montos a invertir oscilan entre los 70.000 y los 320.000 pesos, dependiendo de la complejidad y tipo de obra. Pero m\u00e1s all\u00e1 de los valores, sabemos que estos trabajos llevan una soluci\u00f3n y una respuesta inmediata a la comunidad educativa. Permiten brindar tranquilidad a las familias y a los docentes acerca de las condiciones edilicias y la seguridad del lugar donde asistir\u00e1n sus hijos y alumnos\u201d, subray\u00f3 Benedetto.<\/p>\n<p>&nbsp;<\/p>\n<p>\u201cEl gobernador Gustavo Bordet ha puesto entre los objetivos contar con edificios educativos de calidad, que contengan a los chicos y docentes a fin de continuar fortaleciendo la educaci\u00f3n de todos los entrerrianos\u201d, finaliz\u00f3 el ministro.<\/p>\n<p>&nbsp;<\/p>\n<p>Actualmente el gobierno provincial tiene m\u00e1s de 60 obras en marcha desde el Ministerio de Planeamiento y 25 que se ejecutan a trav\u00e9s de la Unidad Ejecutora Provincial. Obras de importancia que son parte del plan de infraestructura escolar provincial para seguir contando con edificios educativos modernos que se adapten a las necesidades de los tiempos que corren.<\/p>\n","protected":false},"excerpt":{"rendered":"<p>De cara al inicio del ciclo lectivo 2018, a trav\u00e9s del Ministerio de Planeamiento se llevar\u00e1 adelante el Plan Vacaciones, que incluye la ejecuci\u00f3n de 222 obras de reparaciones y mejoras en diferentes establecimientos educativos con una inversi\u00f3n de 50 millones de pesos &nbsp; &nbsp; &nbsp; &nbsp; Los trabajos se realizar\u00e1n durante enero, febrero y marzo y los montos que demandar\u00e1n ser\u00e1n aportados \u00edntegramente por la provincia a fin de contar con edificios escolares en condiciones para el inicio del pr\u00f3ximo a\u00f1o escolar. &nbsp; Cabe destacar que durante el a\u00f1o&#8230;<\/p>\n","protected":false},"author":3,"featured_media":21993,"comment_status":"closed","ping_status":"closed","sticky":false,"template":"","format":"standard","meta":[],"categories":[9,15],"tags":[],"_links":{"self":[{"href":"https:\/\/www.actualidadadiario.com\/index.php\/wp-json\/wp\/v2\/posts\/21992"}],"collection":[{"href":"https:\/\/www.actualidadadiario.com\/index.php\/wp-json\/wp\/v2\/posts"}],"about":[{"href":"https:\/\/www.actualidadadiario.com\/index.php\/wp-json\/wp\/v2\/types\/post"}],"author":[{"embeddable":true,"href":"https:\/\/www.actualidadadiario.com\/index.php\/wp-json\/wp\/v2\/users\/3"}],"replies":[{"embeddable":true,"href":"https:\/\/www.actualidadadiario.com\/index.php\/wp-json\/wp\/v2\/comments?post=21992"}],"version-history":[{"count":1,"href":"https:\/\/www.actualidadadiario.com\/index.php\/wp-json\/wp\/v2\/posts\/21992\/revisions"}],"predecessor-version":[{"id":21994,"href":"https:\/\/www.actualidadadiario.com\/index.php\/wp-json\/wp\/v2\/posts\/21992\/revisions\/21994"}],"wp:featuredmedia":[{"embeddable":true,"href":"https:\/\/www.actualidadadiario.com\/index.php\/wp-json\/wp\/v2\/media\/21993"}],"wp:attachment":[{"href":"https:\/\/www.actualidadadiario.com\/index.php\/wp-json\/wp\/v2\/media?parent=21992"}],"wp:term":[{"taxonomy":"category","embeddable":true,"href":"https:\/\/www.actualidadadiario.com\/index.php\/wp-json\/wp\/v2\/categories?post=21992"},{"taxonomy":"post_tag","embeddable":true,"href":"https:\/\/www.actualidadadiario.com\/index.php\/wp-json\/wp\/v2\/tags?post=21992"}],"curies":[{"name":"wp","href":"https:\/\/api.w.org\/{rel}","templated":true}]}}