{"id":21989,"date":"2018-01-05T11:33:44","date_gmt":"2018-01-05T14:33:44","guid":{"rendered":"http:\/\/actualidadadiario.com\/site\/?p=21989"},"modified":"2018-11-06T19:13:49","modified_gmt":"2018-11-06T22:13:49","slug":"mas-de-600-familias-entrerrianas-finalizaron-el-ano-en-sus-casas-propias","status":"publish","type":"post","link":"https:\/\/www.actualidadadiario.com\/index.php\/2018\/01\/05\/mas-de-600-familias-entrerrianas-finalizaron-el-ano-en-sus-casas-propias\/","title":{"rendered":"M\u00e1s de 600 familias entrerrianas finalizaron el a\u00f1o en sus casas propias"},"content":{"rendered":"<p><em><strong>El sue\u00f1o de la casa propia se cumpli\u00f3 para 625 familias entrerrianas a fines de 2017. Fueron ejecutadas entre el\u00a0 Instituto Aut\u00e1rquico de Planeamiento y Vivienda de Entre R\u00edos (IAPV), y\u00a0 la Secretar\u00eda de Vivienda de la Naci\u00f3n, en el marco del Programa Federal \u201cTecho Digno\u201d<\/strong><\/em><\/p>\n<p>&nbsp;<\/p>\n<p>&nbsp;<\/p>\n<p>&nbsp;<\/p>\n<p>&nbsp;<\/p>\n<p>Puerto Yeru\u00e1, Concepci\u00f3n del Uruguay, XX de Septiembre, Don Crist\u00f3bal II, Aldea Santa Mar\u00eda, San Salvador, Col\u00f3n, Rosario del Tala, Urdinarrain y Concordia, fueron algunas de las localidades donde se inauguraron las 625 viviendas durante el \u00faltimo mes de 2017 para docentes, personal de las fuerzas de seguridad, trabajadores municipales, entre otros.<\/p>\n<p>&nbsp;<\/p>\n<p>El titular del IAPV, Marcelo Casaretto, destac\u00f3 que \u201cla inauguraci\u00f3n de nuevas viviendas es un hecho trascendental en la vida de una comunidad, que ayuda a lograr el arraigo de la gente que ha decidido vivir, formar su familia y llevar su proyecto de vida en su lugar de trabajo\u201d.\u201d<\/p>\n<p>&nbsp;<\/p>\n<p>Se\u00f1al\u00f3 que estos actos son un objetivo cumplido para las familias que reciben la vivienda pero tambi\u00e9n para el Estado que a\u00fana esfuerzos para responder a esta demanda. \u201cEn los tiempos que corren sabemos el significado que tiene una vivienda para una familia que lo necesita. Por eso es tambi\u00e9n una alegr\u00eda para quienes estamos del otro lado saber que el Estado particip\u00f3 de esto\u201d, manifest\u00f3 el funcionario provincial y agreg\u00f3: \u201cLa alegr\u00eda de las m\u00e1s de 600 familias, es la felicidad de este gobierno, al ver la realizaci\u00f3n de su gente, con la posibilidad de progreso y mejoras para su calidad de vida, con el acceso al techo propio y el poder proyectar un futuro mejor.\u201d<\/p>\n<p>&nbsp;<\/p>\n<p>Casaretto destac\u00f3 \u201cla importancia que significa seguir aportando soluciones habitacionales en todo el territorio provincial\u201d y subray\u00f3 que \u201cestas obras impulsadas por el gobernador Gustavo Bordet son, sin duda, una manera m\u00e1s de dar respuestas concretas a las necesidades de todos los entrerrianos\u201d.<\/p>\n<p>&nbsp;<\/p>\n<p>A su vez resalt\u00f3 \u201cel efecto multiplicador que tiene la construcci\u00f3n de viviendas en la generaci\u00f3n de empleos directos e indirectos y su consecuente impacto en la actividad comercial en las distintas localidades donde se ejecutan los programas habitacionales\u201d.<\/p>\n","protected":false},"excerpt":{"rendered":"<p>El sue\u00f1o de la casa propia se cumpli\u00f3 para 625 familias entrerrianas a fines de 2017. Fueron ejecutadas entre el\u00a0 Instituto Aut\u00e1rquico de Planeamiento y Vivienda de Entre R\u00edos (IAPV), y\u00a0 la Secretar\u00eda de Vivienda de la Naci\u00f3n, en el marco del Programa Federal \u201cTecho Digno\u201d &nbsp; &nbsp; &nbsp; &nbsp; Puerto Yeru\u00e1, Concepci\u00f3n del Uruguay, XX de Septiembre, Don Crist\u00f3bal II, Aldea Santa Mar\u00eda, San Salvador, Col\u00f3n, Rosario del Tala, Urdinarrain y Concordia, fueron algunas de las localidades donde se inauguraron las 625 viviendas durante el \u00faltimo mes de 2017&#8230;<\/p>\n","protected":false},"author":3,"featured_media":21990,"comment_status":"closed","ping_status":"closed","sticky":false,"template":"","format":"standard","meta":[],"categories":[9,15],"tags":[],"_links":{"self":[{"href":"https:\/\/www.actualidadadiario.com\/index.php\/wp-json\/wp\/v2\/posts\/21989"}],"collection":[{"href":"https:\/\/www.actualidadadiario.com\/index.php\/wp-json\/wp\/v2\/posts"}],"about":[{"href":"https:\/\/www.actualidadadiario.com\/index.php\/wp-json\/wp\/v2\/types\/post"}],"author":[{"embeddable":true,"href":"https:\/\/www.actualidadadiario.com\/index.php\/wp-json\/wp\/v2\/users\/3"}],"replies":[{"embeddable":true,"href":"https:\/\/www.actualidadadiario.com\/index.php\/wp-json\/wp\/v2\/comments?post=21989"}],"version-history":[{"count":1,"href":"https:\/\/www.actualidadadiario.com\/index.php\/wp-json\/wp\/v2\/posts\/21989\/revisions"}],"predecessor-version":[{"id":21991,"href":"https:\/\/www.actualidadadiario.com\/index.php\/wp-json\/wp\/v2\/posts\/21989\/revisions\/21991"}],"wp:featuredmedia":[{"embeddable":true,"href":"https:\/\/www.actualidadadiario.com\/index.php\/wp-json\/wp\/v2\/media\/21990"}],"wp:attachment":[{"href":"https:\/\/www.actualidadadiario.com\/index.php\/wp-json\/wp\/v2\/media?parent=21989"}],"wp:term":[{"taxonomy":"category","embeddable":true,"href":"https:\/\/www.actualidadadiario.com\/index.php\/wp-json\/wp\/v2\/categories?post=21989"},{"taxonomy":"post_tag","embeddable":true,"href":"https:\/\/www.actualidadadiario.com\/index.php\/wp-json\/wp\/v2\/tags?post=21989"}],"curies":[{"name":"wp","href":"https:\/\/api.w.org\/{rel}","templated":true}]}}