{"id":21980,"date":"2018-01-05T11:31:17","date_gmt":"2018-01-05T14:31:17","guid":{"rendered":"http:\/\/actualidadadiario.com\/site\/?p=21980"},"modified":"2018-11-06T19:13:49","modified_gmt":"2018-11-06T22:13:49","slug":"invierten-mas-de-51-millones-en-obras-de-saneamiento-para-el-norte-entrerriano","status":"publish","type":"post","link":"https:\/\/www.actualidadadiario.com\/index.php\/2018\/01\/05\/invierten-mas-de-51-millones-en-obras-de-saneamiento-para-el-norte-entrerriano\/","title":{"rendered":"Invierten m\u00e1s de 51 millones en obras de saneamiento para el norte entrerriano"},"content":{"rendered":"<p><em><strong>El gobierno provincial llam\u00f3 a licitaci\u00f3n para la obra de unificaci\u00f3n de colectores cloacales y traslado de lagunas en Federal. \u201cEs una obra muy esperada por la comunidad, que beneficia a 1700 familias de tres barrios\u201d, dijo el intendente Gerardo Chapino<\/strong><\/em><\/p>\n<p>&nbsp;<\/p>\n<p>&nbsp;<\/p>\n<p>&nbsp;<\/p>\n<p>La obra demandar\u00e1 una inversi\u00f3n superior a 51 millones de pesos y mejorar\u00e1 tanto el servicio como el aspecto ambiental de la localidad.<\/p>\n<p>&nbsp;<\/p>\n<p>El pr\u00f3ximo 31 de enero se abrir\u00e1n los sobres con las ofertas para la ejecuci\u00f3n de la primera etapa de la obra, que demandar\u00e1 un tiempo de ejecuci\u00f3n de 365 d\u00edas corridos y un presupuesto oficial de 51.354.403 pesos. Los trabajos, que ser\u00e1n ejecutados por la Direcci\u00f3n Provincial de Obras Sanitarias, son financiados con fondos del Fondo Fiduciario Federal de Infraestructura Regional.<\/p>\n<p>&nbsp;<\/p>\n<p>El intendente de Federal, Gerardo Chapino, destac\u00f3 la importancia que tiene la obra para la comunidad, tanto desde el punto de vista del servicio, que alcanzar\u00e1 a tres barrios, como desde el aspecto ambiental. Tambi\u00e9n remarc\u00f3 el apoyo brindado por el gobierno provincial para este y otros trabajos que se ejecutan en esa localidad del norte entrerriano.<\/p>\n<p>&nbsp;<\/p>\n<p>\u201cLa importancia de esta obra es muy grande. El proyecto viene trabaj\u00e1ndose hace muchos a\u00f1os y tiene un significado muy importante para Federal, teniendo en cuenta que un 45 por ciento de la comunidad tiene la falencia del servicio de la red cloacal\u201d, indic\u00f3 Chapino.<\/p>\n<p>&nbsp;<\/p>\n<p>Explic\u00f3 que con el traslado de las lagunas y con el colector, que cruzar\u00e1 la ruta 127, se podr\u00e1 brindar el servicio a un sector muy importante de la ciudad que comprende a tres barrios: El Silbido, Itat\u00ed y 25 de Mayo, que alberga a unas 1700 familias que carecen del servicio.<\/p>\n<p>&nbsp;<\/p>\n<p>\u201cEsto va todo enlazado con otras obras. Estamos trabajando tambi\u00e9n con un proyecto de H\u00e1bitat, con Naci\u00f3n, que todav\u00eda no tuvimos la suerte de que sea aprobado, pero nosotros so\u00f1amos con esto\u201d, indic\u00f3 el intendente.<\/p>\n<p>&nbsp;<\/p>\n<p>Remarc\u00f3 que la colectora sur, que a fines de enero tendr\u00e1 su apertura de sobres de la licitaci\u00f3n, \u201ces una obra que tiene el compromiso del gobernador Gustavo Bordet y del ministro Luis Benedetto, a quienes le agradecemos enormemente, y a todos su equipo de trabajo por la disposici\u00f3n y soluci\u00f3n que nos brindan. Se hicieron presente aqu\u00ed en Federal en todo momento con los equipos de Hidr\u00e1ulicas, de Obras Sanitarias y todo lo necesario para que esta obra llegue a la instancia final que est\u00e1 llegando con la apertura de los sobres a fin de mes\u201d, remarc\u00f3.<\/p>\n<p>&nbsp;<\/p>\n<p>Por \u00faltimo, indic\u00f3: \u201cPara nosotros tiene una significancia enorme este proyecto que demanda alrededor de 50 millones de pesos. Permitir\u00e1 que muchas familias que carecen del servicio lo puedan tener, que la ciudad tenga un mejor funcionamiento y una mejor capacidad del sistema, pensando tambi\u00e9n en el beneficio en la cuesti\u00f3n ambiental, teniendo las piletas que realmente funcionen como deben funcionar\u201d, complet\u00f3 Chapino.<\/p>\n<p>&nbsp;<\/p>\n<p>&nbsp;<\/p>\n<p><strong>La obra<\/strong><\/p>\n<p>La localidad de Federal cuenta con 17.689 habitantes y actualmente el servicio de provisi\u00f3n y distribuci\u00f3n de agua potable es brindado por la Municipalidad, cubriendo en un 98 por ciento de la poblaci\u00f3n y el servicio de desag\u00fces cloacales en un 55 por ciento de la poblaci\u00f3n torn\u00e1ndose delicada la situaci\u00f3n sanitaria teniendo en cuenta la cantidad de habitantes. En ese marco, se hace imperiosa la necesidad de la ejecuci\u00f3n de la mencionada obra.<\/p>\n<p>&nbsp;<\/p>\n<p>Adem\u00e1s, los motivos del traslado y redimensionamiento del sistema de tratamiento radica en que actualmente en la ciudad el tratamiento para l\u00edquidos cloacales domiciliarios est\u00e1 ubicado en zonas cercanas a la poblaci\u00f3n y se encuentra al m\u00e1ximo de sus posibilidades.<\/p>\n<p>&nbsp;<\/p>\n<p>La obra comprende una red de saneamiento de evacuaci\u00f3n de residuos cloacales desde las actuales lagunas de tratamiento de los efluentes de la ciudad hasta el nuevo emplazamiento de un sistema unificado ubicado sobre Ca\u00f1ada Machuca y Arroyo Federal.<\/p>\n","protected":false},"excerpt":{"rendered":"<p>El gobierno provincial llam\u00f3 a licitaci\u00f3n para la obra de unificaci\u00f3n de colectores cloacales y traslado de lagunas en Federal. \u201cEs una obra muy esperada por la comunidad, que beneficia a 1700 familias de tres barrios\u201d, dijo el intendente Gerardo Chapino &nbsp; &nbsp; &nbsp; La obra demandar\u00e1 una inversi\u00f3n superior a 51 millones de pesos y mejorar\u00e1 tanto el servicio como el aspecto ambiental de la localidad. &nbsp; El pr\u00f3ximo 31 de enero se abrir\u00e1n los sobres con las ofertas para la ejecuci\u00f3n de la primera etapa de la obra,&#8230;<\/p>\n","protected":false},"author":3,"featured_media":21981,"comment_status":"closed","ping_status":"closed","sticky":false,"template":"","format":"standard","meta":[],"categories":[15],"tags":[],"_links":{"self":[{"href":"https:\/\/www.actualidadadiario.com\/index.php\/wp-json\/wp\/v2\/posts\/21980"}],"collection":[{"href":"https:\/\/www.actualidadadiario.com\/index.php\/wp-json\/wp\/v2\/posts"}],"about":[{"href":"https:\/\/www.actualidadadiario.com\/index.php\/wp-json\/wp\/v2\/types\/post"}],"author":[{"embeddable":true,"href":"https:\/\/www.actualidadadiario.com\/index.php\/wp-json\/wp\/v2\/users\/3"}],"replies":[{"embeddable":true,"href":"https:\/\/www.actualidadadiario.com\/index.php\/wp-json\/wp\/v2\/comments?post=21980"}],"version-history":[{"count":1,"href":"https:\/\/www.actualidadadiario.com\/index.php\/wp-json\/wp\/v2\/posts\/21980\/revisions"}],"predecessor-version":[{"id":21982,"href":"https:\/\/www.actualidadadiario.com\/index.php\/wp-json\/wp\/v2\/posts\/21980\/revisions\/21982"}],"wp:featuredmedia":[{"embeddable":true,"href":"https:\/\/www.actualidadadiario.com\/index.php\/wp-json\/wp\/v2\/media\/21981"}],"wp:attachment":[{"href":"https:\/\/www.actualidadadiario.com\/index.php\/wp-json\/wp\/v2\/media?parent=21980"}],"wp:term":[{"taxonomy":"category","embeddable":true,"href":"https:\/\/www.actualidadadiario.com\/index.php\/wp-json\/wp\/v2\/categories?post=21980"},{"taxonomy":"post_tag","embeddable":true,"href":"https:\/\/www.actualidadadiario.com\/index.php\/wp-json\/wp\/v2\/tags?post=21980"}],"curies":[{"name":"wp","href":"https:\/\/api.w.org\/{rel}","templated":true}]}}