{"id":21973,"date":"2017-12-29T12:16:27","date_gmt":"2017-12-29T15:16:27","guid":{"rendered":"http:\/\/actualidadadiario.com\/site\/?p=21973"},"modified":"2018-11-06T19:13:49","modified_gmt":"2018-11-06T22:13:49","slug":"cuba-finaliza-el-ano-con-la-tasa-de-mortalidad-infantil-mas-baja-de-su-historia","status":"publish","type":"post","link":"https:\/\/www.actualidadadiario.com\/index.php\/2017\/12\/29\/cuba-finaliza-el-ano-con-la-tasa-de-mortalidad-infantil-mas-baja-de-su-historia\/","title":{"rendered":"Cuba finaliza el a\u00f1o con la tasa de mortalidad infantil m\u00e1s baja de su historia"},"content":{"rendered":"<p><em><strong>Cuba finaliza el actual a\u00f1o con el m\u00e1s bajo \u00edndice de mortalidad infantil de toda su historia, al registrar 4,1 ni\u00f1os menores de un a\u00f1o fallecidos por cada 1.000 nacidos vivos, inform\u00f3 este jueves el ministro del sector, Roberto Morales<\/strong><\/em><\/p>\n<p>&nbsp;<\/p>\n<p>&nbsp;<\/p>\n<p>&nbsp;<\/p>\n<p>&nbsp;<\/p>\n<p>Durante un acto del ministerio de Salud P\u00fablica para celebrar el aniversario 59 del triunfo de la Revoluci\u00f3n cubana, el tambi\u00e9n miembro del Bur\u00f3 Pol\u00edtico del Partido Comunista de la isla destac\u00f3 que hasta la fecha se reportaba una reducci\u00f3n de 35 fallecidos menores de un a\u00f1o en comparaci\u00f3n con el a\u00f1o precedente, y anunci\u00f3 la posibilidad de culminar 2017 con un \u00edndice inferior.<\/p>\n<p>&nbsp;<\/p>\n<p>\u201cEste resultado es un reflejo de la integraci\u00f3n de todo el sistema asistencial\u201d del pa\u00eds caribe\u00f1o, expres\u00f3.<\/p>\n<p>&nbsp;<\/p>\n<p>Hasta este momento, la tasa m\u00e1s baja de mortalidad infantil registrada en Cuba era de 4,2 y se alcanz\u00f3 en 2013 y 2014, seg\u00fan estad\u00edsticas oficiales.<\/p>\n<p>&nbsp;<\/p>\n<p>Morales resalt\u00f3, igualmente, que durante el a\u00f1o que finaliza se redujo el bajo peso al nacer \u2013de 5,2 a 5,0 por cada 100 nacimientos\u2013, as\u00ed como las tasas de mortalidad materna \u2013de 42,6 a 38,0 por cada 100.000 nacidos vivos\u2013 y escolar \u2013de 2,1 a 1,7 por cada 10.000 ni\u00f1os de ese grupo de edad<\/p>\n<p>&nbsp;<\/p>\n<p>Al referirse a otros indicadores sobre el estado de salud de la poblaci\u00f3n, Morales subray\u00f3 que en los \u00faltimos tres a\u00f1os se detuvo el crecimiento de la mortalidad por c\u00e1ncer.<\/p>\n<p>&nbsp;<\/p>\n<p>Tambi\u00e9n enfatiz\u00f3 que se mantiene eliminada la poliomielitis, la difteria, el t\u00e9tanos, la tos ferina, el sarampi\u00f3n, la rub\u00e9ola y la parotiditis, al tiempo que se mantiene la eliminaci\u00f3n de la transmisi\u00f3n materno-infantil del VIH\/Sida.<\/p>\n<p>&nbsp;<\/p>\n<p>En Cuba, el gobierno mantiene una pol\u00edtica sanitaria que garantiza a toda la poblaci\u00f3n la equidad en el acceso gratuito a los servicios asistenciales.<\/p>\n","protected":false},"excerpt":{"rendered":"<p>Cuba finaliza el actual a\u00f1o con el m\u00e1s bajo \u00edndice de mortalidad infantil de toda su historia, al registrar 4,1 ni\u00f1os menores de un a\u00f1o fallecidos por cada 1.000 nacidos vivos, inform\u00f3 este jueves el ministro del sector, Roberto Morales &nbsp; &nbsp; &nbsp; &nbsp; Durante un acto del ministerio de Salud P\u00fablica para celebrar el aniversario 59 del triunfo de la Revoluci\u00f3n cubana, el tambi\u00e9n miembro del Bur\u00f3 Pol\u00edtico del Partido Comunista de la isla destac\u00f3 que hasta la fecha se reportaba una reducci\u00f3n de 35 fallecidos menores de un&#8230;<\/p>\n","protected":false},"author":3,"featured_media":21974,"comment_status":"closed","ping_status":"closed","sticky":false,"template":"","format":"standard","meta":[],"categories":[4],"tags":[],"_links":{"self":[{"href":"https:\/\/www.actualidadadiario.com\/index.php\/wp-json\/wp\/v2\/posts\/21973"}],"collection":[{"href":"https:\/\/www.actualidadadiario.com\/index.php\/wp-json\/wp\/v2\/posts"}],"about":[{"href":"https:\/\/www.actualidadadiario.com\/index.php\/wp-json\/wp\/v2\/types\/post"}],"author":[{"embeddable":true,"href":"https:\/\/www.actualidadadiario.com\/index.php\/wp-json\/wp\/v2\/users\/3"}],"replies":[{"embeddable":true,"href":"https:\/\/www.actualidadadiario.com\/index.php\/wp-json\/wp\/v2\/comments?post=21973"}],"version-history":[{"count":1,"href":"https:\/\/www.actualidadadiario.com\/index.php\/wp-json\/wp\/v2\/posts\/21973\/revisions"}],"predecessor-version":[{"id":21975,"href":"https:\/\/www.actualidadadiario.com\/index.php\/wp-json\/wp\/v2\/posts\/21973\/revisions\/21975"}],"wp:featuredmedia":[{"embeddable":true,"href":"https:\/\/www.actualidadadiario.com\/index.php\/wp-json\/wp\/v2\/media\/21974"}],"wp:attachment":[{"href":"https:\/\/www.actualidadadiario.com\/index.php\/wp-json\/wp\/v2\/media?parent=21973"}],"wp:term":[{"taxonomy":"category","embeddable":true,"href":"https:\/\/www.actualidadadiario.com\/index.php\/wp-json\/wp\/v2\/categories?post=21973"},{"taxonomy":"post_tag","embeddable":true,"href":"https:\/\/www.actualidadadiario.com\/index.php\/wp-json\/wp\/v2\/tags?post=21973"}],"curies":[{"name":"wp","href":"https:\/\/api.w.org\/{rel}","templated":true}]}}