{"id":21970,"date":"2017-12-29T12:15:47","date_gmt":"2017-12-29T15:15:47","guid":{"rendered":"http:\/\/actualidadadiario.com\/site\/?p=21970"},"modified":"2018-11-06T19:13:49","modified_gmt":"2018-11-06T22:13:49","slug":"el-papa-francisco-visitara-en-chile-una-carcel-de-mujeres","status":"publish","type":"post","link":"https:\/\/www.actualidadadiario.com\/index.php\/2017\/12\/29\/el-papa-francisco-visitara-en-chile-una-carcel-de-mujeres\/","title":{"rendered":"El Papa Francisco visitar\u00e1 en Chile una c\u00e1rcel de mujeres"},"content":{"rendered":"<p><em><strong>Las reclusas preparan la recepci\u00f3n que dar\u00e1n al Sumo Pont\u00edfice Francisco en enero cuando vaya al penal de Santiago donde est\u00e1n cumpliendo condena<\/strong><\/em><\/p>\n<p>&nbsp;<\/p>\n<p>&nbsp;<\/p>\n<p>&nbsp;<\/p>\n<p>Celebran ser &#8220;las elegidas&#8221; y preparan entre risas y l\u00e1grimas la recepci\u00f3n que dar\u00e1n al papa Francisco en enero cuando visite la c\u00e1rcel de Santiago donde est\u00e1n recluidas, convencidas de que el pont\u00edfice argentino les transmitir\u00e1 la paz que necesitan para aplacar sus tormentos.<\/p>\n<p>&nbsp;<\/p>\n<p>El Centro Penitenciario Femenino de San Joaqu\u00edn, donde cumplen condena 620 reclusas, ser\u00e1 la primera c\u00e1rcel femenina que visite el papa Francisco.<\/p>\n<p>&nbsp;<\/p>\n<p>En las c\u00e1rceles de Chile y el mundo est\u00e1n &#8220;las mujeres m\u00e1s pobres, las que han sido excluidas de familia, educaci\u00f3n, salud.<\/p>\n<p>&nbsp;<\/p>\n<p>Ellas llegan a las c\u00e1rceles porque las que tienen un buen abogado no van presas&#8221;, por eso es tan reconfortante que Francisco las visite, dice a la AFP la madre Nelly Le\u00f3n, que desde hace 13 a\u00f1os est\u00e1 al frente de la coordinaci\u00f3n de la actividad pastoral en esta prisi\u00f3n.<\/p>\n<p>&nbsp;<\/p>\n<p>Privadas de libertad est\u00e1n &#8220;las pobres entre las pobres&#8221;, agrega la religiosa, que reconoce que durante sus a\u00f1os de trabajo en el penal femenino de Santiago ha escuchado &#8220;miles de historia de dolor, de angustia, de desesperanza&#8221;.<\/p>\n<p>&nbsp;<\/p>\n<p>En este lugar, alrededor de un pesebre a medio armar sobre el altar de la capilla levantada en el interior de esta penitenciar\u00eda -cuyos muros albergaron un centro religioso en el pasado- se concentra la mayor parte de los preparativos para la ilustre visita.<\/p>\n<p>&nbsp;<\/p>\n<p>&#8220;Mirar su mirada, que te d\u00e9 esa paz. Estoy orgullosa, contenta, ansiosa y s\u00e9 que vamos a llorar todas cuando veamos al Papa&#8221;, dice Viviana Berr\u00edos, mientras prepara junto a otras compa\u00f1eras pulseras que ser\u00e1n bendecidas por Francisco.<\/p>\n<p>&nbsp;<\/p>\n<p>Con la ayuda de las religiosas, reclusas con buena conducta preparan desde hace meses la visita.<\/p>\n<p>&nbsp;<\/p>\n<p>Elaboran cruces y las peque\u00f1as pulseras de colores que ya bendecidas ser\u00e1n repartidas en todas las c\u00e1rceles de mujeres del pa\u00eds a unas 3.900 reclusas.<\/p>\n<p>&nbsp;<\/p>\n<p>Francisco llegar\u00e1 a Santiago el pr\u00f3ximo 15 de enero y tras visitar varios puntos de la capital chilena y las ciudades de Temuco (sur) e Iquique (norte), partir\u00e1 a Per\u00fa, donde concluir\u00e1 una nueva gira por Latinoam\u00e9rica, evitando una vez m\u00e1s a su natal Argentina.<\/p>\n","protected":false},"excerpt":{"rendered":"<p>Las reclusas preparan la recepci\u00f3n que dar\u00e1n al Sumo Pont\u00edfice Francisco en enero cuando vaya al penal de Santiago donde est\u00e1n cumpliendo condena &nbsp; &nbsp; &nbsp; Celebran ser &#8220;las elegidas&#8221; y preparan entre risas y l\u00e1grimas la recepci\u00f3n que dar\u00e1n al papa Francisco en enero cuando visite la c\u00e1rcel de Santiago donde est\u00e1n recluidas, convencidas de que el pont\u00edfice argentino les transmitir\u00e1 la paz que necesitan para aplacar sus tormentos. &nbsp; El Centro Penitenciario Femenino de San Joaqu\u00edn, donde cumplen condena 620 reclusas, ser\u00e1 la primera c\u00e1rcel femenina que visite&#8230;<\/p>\n","protected":false},"author":3,"featured_media":21971,"comment_status":"closed","ping_status":"closed","sticky":false,"template":"","format":"standard","meta":[],"categories":[4],"tags":[],"_links":{"self":[{"href":"https:\/\/www.actualidadadiario.com\/index.php\/wp-json\/wp\/v2\/posts\/21970"}],"collection":[{"href":"https:\/\/www.actualidadadiario.com\/index.php\/wp-json\/wp\/v2\/posts"}],"about":[{"href":"https:\/\/www.actualidadadiario.com\/index.php\/wp-json\/wp\/v2\/types\/post"}],"author":[{"embeddable":true,"href":"https:\/\/www.actualidadadiario.com\/index.php\/wp-json\/wp\/v2\/users\/3"}],"replies":[{"embeddable":true,"href":"https:\/\/www.actualidadadiario.com\/index.php\/wp-json\/wp\/v2\/comments?post=21970"}],"version-history":[{"count":1,"href":"https:\/\/www.actualidadadiario.com\/index.php\/wp-json\/wp\/v2\/posts\/21970\/revisions"}],"predecessor-version":[{"id":21972,"href":"https:\/\/www.actualidadadiario.com\/index.php\/wp-json\/wp\/v2\/posts\/21970\/revisions\/21972"}],"wp:featuredmedia":[{"embeddable":true,"href":"https:\/\/www.actualidadadiario.com\/index.php\/wp-json\/wp\/v2\/media\/21971"}],"wp:attachment":[{"href":"https:\/\/www.actualidadadiario.com\/index.php\/wp-json\/wp\/v2\/media?parent=21970"}],"wp:term":[{"taxonomy":"category","embeddable":true,"href":"https:\/\/www.actualidadadiario.com\/index.php\/wp-json\/wp\/v2\/categories?post=21970"},{"taxonomy":"post_tag","embeddable":true,"href":"https:\/\/www.actualidadadiario.com\/index.php\/wp-json\/wp\/v2\/tags?post=21970"}],"curies":[{"name":"wp","href":"https:\/\/api.w.org\/{rel}","templated":true}]}}