{"id":21967,"date":"2017-12-29T12:15:05","date_gmt":"2017-12-29T15:15:05","guid":{"rendered":"http:\/\/actualidadadiario.com\/site\/?p=21967"},"modified":"2018-11-06T19:13:49","modified_gmt":"2018-11-06T22:13:49","slug":"protesta-masiva-en-lima-contra-kuczynski-por-el-indulto-a-fujimori","status":"publish","type":"post","link":"https:\/\/www.actualidadadiario.com\/index.php\/2017\/12\/29\/protesta-masiva-en-lima-contra-kuczynski-por-el-indulto-a-fujimori\/","title":{"rendered":"Protesta masiva en Lima contra Kuczynski por el indulto a Fujimori"},"content":{"rendered":"<p><em><strong>El caso Odebrecht ahonda la crisis: el presidente y la l\u00edder de la oposici\u00f3n declaran ante la fiscal\u00eda por su implicaci\u00f3n<\/strong><\/em><\/p>\n<p>&nbsp;<\/p>\n<p>&nbsp;<\/p>\n<p>&nbsp;<\/p>\n<p>La protesta contra Pedro Pablo Kuczynski por el indulto concedido a Alberto Fujimori crece a medida que pasan los d\u00edas y aumenta la sangr\u00eda de apoyos del presidente. Al final de la tarde del jueves, m\u00e1s de 15.000 manifestantes marcharon por las calles del centro de Lima contra el indulto, encabezados por los familiares de las v\u00edctimas de las matanzas de Barrios Altos y La Cantuta, cometidas durante el Gobierno de Fujimori por el Grupo Colina, un destacamento del Ej\u00e9rcito. Flor Huilca, hija de Pedro Huilca, un dirigente sindical opositor al r\u00e9gimen, asesinado por los Colina, afirm\u00f3, con voz turbada en el frontis de Palacio de Justicia: &#8220;en este pa\u00eds es dif\u00edcil conseguir justicia, y ahora Fujimori no est\u00e1 en la c\u00e1rcel. Yo soy v\u00edctima, Pedro Huilca es v\u00edctima. No entiendo la decisi\u00f3n de Kuczynski y Mercedes Ar\u00e1oz&#8221;.<\/p>\n<p>&nbsp;<\/p>\n<p>El Ministerio de Interior rechaz\u00f3 la solicitud para hacer un recorrido de unos cinco kil\u00f3metros, del centro hasta Miraflores, y autoriz\u00f3 una ruta m\u00e1s corta que un sector de los manifestantes no conoc\u00eda. Por ello hubo enfrentamientos entre polic\u00edas y los estudiantes universitarios que optaron por la ruta larga, y tambi\u00e9n detenidos. Luego de casi cinco horas de movilizaci\u00f3n, con gritos de &#8220;Fujimori: ladr\u00f3n y asesino&#8221; y &#8220;Fuera, fuera, PPK&#8221;, los manifestantes a\u00fan continuaban en una concentraci\u00f3n frente a Palacio de Justicia.<\/p>\n<p>&nbsp;<\/p>\n<p>Mientras, el avance del caso Odebrecht profundiza la crisis pol\u00edtica peruana. El fiscal Hamilton Castro, jefe del equipo especial de investigaci\u00f3n para el caso Lava Jato, interrog\u00f3 durante cuatro horas al presidente Kuczynski acerca de su participaci\u00f3n en las empresas Westfield Capital y First Capital, con sede en Estados Unidos, a las que la constructora brasile\u00f1a Odebrecht contrat\u00f3 entre los a\u00f1os 2004 y 2013 para servicios de asesor\u00eda. A la misma hora, Keiko Fujimori, la presidenta del partido Fuerza Popular (que hasta el viernes pasado era la mayor\u00eda opositora), respond\u00eda en una fiscal\u00eda de lavado de activos por los supuestos aportes que recibi\u00f3 de Odebrecht en la campa\u00f1a electoral de 2011 y otros fondos supuestamente recaudados mediante \u201crifas y cocteles\u201d ese mismo a\u00f1o y en 2006.<\/p>\n<p>&nbsp;<\/p>\n<p>El exbanquero de inversi\u00f3n fund\u00f3 Westfield Capital en 1992. La firma recibi\u00f3 de Odebrecht, entre 2004 y 2007, 782,207 d\u00f3lares por reembolsos, comisi\u00f3n fija y dos asesor\u00edas financieras. Kuczynski fue ministro de Econom\u00eda del Gobierno de Alejandro Toledo entre 2004 y 2005, y luego primer ministro hasta julio de 2006. En ese per\u00edodo, la empresa Odebrecht se hizo de la concesi\u00f3n para construir la carretera Interoce\u00e1nica Sur, una obra que termin\u00f3 de construirse luego de sobrevaloraci\u00f3n y cuestionamientos t\u00e9cnicos de la Contralor\u00eda.<\/p>\n<p>&nbsp;<\/p>\n<p>Por otra parte, First Capital fue creada por el socio de Kuczynski, Gerardo Sep\u00falveda, y consigna el mismo domicilio que Westfield. El presidente declar\u00f3 la semana pasada en mensajes televisados y en el Congreso, durante la sesi\u00f3n del jueves 21 que debati\u00f3 su destituci\u00f3n, que cuando asumi\u00f3 como ministro deleg\u00f3 las operaciones al gestor Sep\u00falveda y que no se enter\u00f3 de los contratos de su empresa con Odebrecht.<\/p>\n<p>&nbsp;<\/p>\n<p>La empresa brasile\u00f1a aclar\u00f3 en una carta que los servicios prestados por ambas empresas est\u00e1n en la contabilidad legal de Odebrecht, y no en el Departamento de Operaciones Estructuradas, el \u00e1rea encargada de los sobornos a pol\u00edticos y funcionarios en Am\u00e9rica Latina y \u00c1frica para obtener concesiones, contratos y arbitrajes a su favor.<\/p>\n<p>&nbsp;<\/p>\n<p>La lista de pagos de Odebrecht fue difundida por parlamentarios de Fuerza Popular hace dos semanas y condujo al debate de destituci\u00f3n presidencial. Kuczynski la evit\u00f3 con los votos del congresista Kenji Fujimori y otros nueve parlamentarios fujimoristas disidentes que buscaban el r\u00e1pido indulto del aut\u00f3crata Alberto Fujimori, quien cumpl\u00eda una condena de 25 a\u00f1os de prisi\u00f3n por cr\u00edmenes de lesa humanidad.<\/p>\n<p>&nbsp;<\/p>\n<p>Esta no ha sido la primera citaci\u00f3n por el caso llamado \u2018fujicocteles\u2019 para la hija mayor de Fujimori. Sin embargo, por primera vez responder\u00e1 a las autoridades sobre la anotaci\u00f3n del ex presidente ejecutivo de Odebrecht, Marcelo Odebrecht, en su m\u00f3vil: \u201cAumentar Keiko para 500 e eu fazer visita\u201d (Aumentar 500 a Keiko y la visitar\u00e9).<\/p>\n<p>&nbsp;<\/p>\n<p>El 7 de diciembre pasado el fiscal Jos\u00e9 Domingo P\u00e9rez allan\u00f3 dos locales de Fuerza Popular para recoger documentaci\u00f3n sobre las campa\u00f1as electorales 2011 y 2016 y, posteriormente, hizo lo mismo en el Organismo Nacional de Procesos Electorales, el ente al que los partidos pol\u00edticos deben reportar por ley los detalles de sus fondos utilizados en las campa\u00f1as electorales. La hip\u00f3tesis de P\u00e9rez es que el fujimorismo prepar\u00f3 una contabilidad paralela, y que las supuestas rifas y c\u00f3cteles que reportan como medios para recaudar dinero esconden la procedencia real del dinero.<\/p>\n<p>&nbsp;<\/p>\n<p>El caso ya se ha llevado por delante a dos expresidentes: Toledo, para quien el fiscal Castro prepara un cuadernillo de extradici\u00f3n que debe entregar en breve a Estados Unidos, debido a que presuntamente recibi\u00f3 20 millones de d\u00f3lares en sobornos, y Ollanta Humala, en prisi\u00f3n preventiva desde julio por supuestamente haber recibido tres millones de d\u00f3lares de Odebrecht para las campa\u00f1as electorales de 2006 y 2011. De todos los investigados \u2013incluidos Alan Garc\u00eda y la exalcaldesa Susana Villar\u00e1n\u2013 estos dos son los m\u00e1s d\u00e9biles, sin partido pol\u00edtico ni una red que los defienda en su pa\u00eds.<\/p>\n<p>&nbsp;<\/p>\n<p>Mientras, precisamente esta semana, el juez Richard Concepci\u00f3n Carhuancho, uno de los pocos magistrados populares entre los peruanos, que dict\u00f3 la orden de captura contra Toledo en febrero y la prisi\u00f3n preventiva contra Humala y su esposa Nadine Heredia, qued\u00f3 fuera del caso Odebrecht, luego de una resoluci\u00f3n de cambios en el Poder Judicial, lo que allana el camino para un cambio en las decisiones judiciales sobre este caso que est\u00e1 devorando la pol\u00edtica peruana.<\/p>\n<p>&nbsp;<\/p>\n<p>Las reacciones internacionales contra el indulto a Fujimori continuaron la ma\u00f1ana de este jueves. &#8220;Es el mayor rev\u00e9s para el Estado de derecho en Per\u00fa: un indulto humanitario concedido a un condenado por serios delitos luego de un juicio justo, cuya culpabilidad no est\u00e1 en cuesti\u00f3n y que no cumple los requisitos legales para un perd\u00f3n&#8221;, ha cuestionado un grupo de expertos en derechos humanos de Naciones Unidas desde Ginebra.<\/p>\n<p>&nbsp;<\/p>\n<p>En tanto, Kuczynski ha anunciado que est\u00e1 preparando con la primera ministra Mercedes Ar\u00e1oz un \u201cgabinete de reconciliaci\u00f3n\u201d, y los congresistas puente entre el oficialismo y el fujimorismo lanzan nombres de l\u00edderes de Fuerza Popular que se sumar\u00edan al Ejecutivo para seguir concretando la nueva alianza pol\u00edtica.<\/p>\n","protected":false},"excerpt":{"rendered":"<p>El caso Odebrecht ahonda la crisis: el presidente y la l\u00edder de la oposici\u00f3n declaran ante la fiscal\u00eda por su implicaci\u00f3n &nbsp; &nbsp; &nbsp; La protesta contra Pedro Pablo Kuczynski por el indulto concedido a Alberto Fujimori crece a medida que pasan los d\u00edas y aumenta la sangr\u00eda de apoyos del presidente. Al final de la tarde del jueves, m\u00e1s de 15.000 manifestantes marcharon por las calles del centro de Lima contra el indulto, encabezados por los familiares de las v\u00edctimas de las matanzas de Barrios Altos y La Cantuta,&#8230;<\/p>\n","protected":false},"author":3,"featured_media":21968,"comment_status":"closed","ping_status":"closed","sticky":false,"template":"","format":"standard","meta":[],"categories":[4],"tags":[],"_links":{"self":[{"href":"https:\/\/www.actualidadadiario.com\/index.php\/wp-json\/wp\/v2\/posts\/21967"}],"collection":[{"href":"https:\/\/www.actualidadadiario.com\/index.php\/wp-json\/wp\/v2\/posts"}],"about":[{"href":"https:\/\/www.actualidadadiario.com\/index.php\/wp-json\/wp\/v2\/types\/post"}],"author":[{"embeddable":true,"href":"https:\/\/www.actualidadadiario.com\/index.php\/wp-json\/wp\/v2\/users\/3"}],"replies":[{"embeddable":true,"href":"https:\/\/www.actualidadadiario.com\/index.php\/wp-json\/wp\/v2\/comments?post=21967"}],"version-history":[{"count":1,"href":"https:\/\/www.actualidadadiario.com\/index.php\/wp-json\/wp\/v2\/posts\/21967\/revisions"}],"predecessor-version":[{"id":21969,"href":"https:\/\/www.actualidadadiario.com\/index.php\/wp-json\/wp\/v2\/posts\/21967\/revisions\/21969"}],"wp:featuredmedia":[{"embeddable":true,"href":"https:\/\/www.actualidadadiario.com\/index.php\/wp-json\/wp\/v2\/media\/21968"}],"wp:attachment":[{"href":"https:\/\/www.actualidadadiario.com\/index.php\/wp-json\/wp\/v2\/media?parent=21967"}],"wp:term":[{"taxonomy":"category","embeddable":true,"href":"https:\/\/www.actualidadadiario.com\/index.php\/wp-json\/wp\/v2\/categories?post=21967"},{"taxonomy":"post_tag","embeddable":true,"href":"https:\/\/www.actualidadadiario.com\/index.php\/wp-json\/wp\/v2\/tags?post=21967"}],"curies":[{"name":"wp","href":"https:\/\/api.w.org\/{rel}","templated":true}]}}