{"id":21958,"date":"2017-12-29T12:12:37","date_gmt":"2017-12-29T15:12:37","guid":{"rendered":"http:\/\/actualidadadiario.com\/site\/?p=21958"},"modified":"2018-11-06T19:13:49","modified_gmt":"2018-11-06T22:13:49","slug":"detuvieron-a-un-policia-y-dos-manifestantes-por-los-incidentes-en-el-congreso","status":"publish","type":"post","link":"https:\/\/www.actualidadadiario.com\/index.php\/2017\/12\/29\/detuvieron-a-un-policia-y-dos-manifestantes-por-los-incidentes-en-el-congreso\/","title":{"rendered":"Detuvieron a un polic\u00eda y dos manifestantes por los incidentes en el Congreso"},"content":{"rendered":"<p><em><strong>El juez federal exigi\u00f3 identificar al agente que pas\u00f3 por encima de un cartonero con su moto<\/strong><\/em><\/p>\n<p>&nbsp;<\/p>\n<p>&nbsp;<\/p>\n<p>&nbsp;<\/p>\n<p>Un polic\u00eda federal y dos manifestantes fueron detenidos por los incidentes en las inmediaciones del Congreso ocurridos el 18 de diciembre pasado en el marco de las protestas por la ley de la reforma previsional que se discuti\u00f3 en la C\u00e1mara de Diputados.<\/p>\n<p>&nbsp;<\/p>\n<p>Los detenidos ser\u00e1n trasladados a Comodoro Py para indagarlos en las pr\u00f3ximas horas. Uno de ellos, Cesar Arakaki, ya pidi\u00f3 la excarcelaci\u00f3n y ser\u00e1 analizada por la fiscal Alejandra Mangano.<\/p>\n<p>&nbsp;<\/p>\n<p>Por su parte, el polic\u00eda que conduc\u00eda la motocicleta que atropell\u00f3 a una persona fue identificado como Dante Berisone, perteneciente al Grupo de Operaciones Motorizadas de la Polic\u00eda Federal (GOMF).<\/p>\n<p>&nbsp;<\/p>\n<p>Todos se encuentran a disposici\u00f3n del juez Sergio Torres, quien lleva adelante la investigaci\u00f3n.<\/p>\n","protected":false},"excerpt":{"rendered":"<p>El juez federal exigi\u00f3 identificar al agente que pas\u00f3 por encima de un cartonero con su moto &nbsp; &nbsp; &nbsp; Un polic\u00eda federal y dos manifestantes fueron detenidos por los incidentes en las inmediaciones del Congreso ocurridos el 18 de diciembre pasado en el marco de las protestas por la ley de la reforma previsional que se discuti\u00f3 en la C\u00e1mara de Diputados. &nbsp; Los detenidos ser\u00e1n trasladados a Comodoro Py para indagarlos en las pr\u00f3ximas horas. Uno de ellos, Cesar Arakaki, ya pidi\u00f3 la excarcelaci\u00f3n y ser\u00e1 analizada por&#8230;<\/p>\n","protected":false},"author":3,"featured_media":21959,"comment_status":"closed","ping_status":"closed","sticky":false,"template":"","format":"standard","meta":[],"categories":[18],"tags":[],"_links":{"self":[{"href":"https:\/\/www.actualidadadiario.com\/index.php\/wp-json\/wp\/v2\/posts\/21958"}],"collection":[{"href":"https:\/\/www.actualidadadiario.com\/index.php\/wp-json\/wp\/v2\/posts"}],"about":[{"href":"https:\/\/www.actualidadadiario.com\/index.php\/wp-json\/wp\/v2\/types\/post"}],"author":[{"embeddable":true,"href":"https:\/\/www.actualidadadiario.com\/index.php\/wp-json\/wp\/v2\/users\/3"}],"replies":[{"embeddable":true,"href":"https:\/\/www.actualidadadiario.com\/index.php\/wp-json\/wp\/v2\/comments?post=21958"}],"version-history":[{"count":1,"href":"https:\/\/www.actualidadadiario.com\/index.php\/wp-json\/wp\/v2\/posts\/21958\/revisions"}],"predecessor-version":[{"id":21960,"href":"https:\/\/www.actualidadadiario.com\/index.php\/wp-json\/wp\/v2\/posts\/21958\/revisions\/21960"}],"wp:featuredmedia":[{"embeddable":true,"href":"https:\/\/www.actualidadadiario.com\/index.php\/wp-json\/wp\/v2\/media\/21959"}],"wp:attachment":[{"href":"https:\/\/www.actualidadadiario.com\/index.php\/wp-json\/wp\/v2\/media?parent=21958"}],"wp:term":[{"taxonomy":"category","embeddable":true,"href":"https:\/\/www.actualidadadiario.com\/index.php\/wp-json\/wp\/v2\/categories?post=21958"},{"taxonomy":"post_tag","embeddable":true,"href":"https:\/\/www.actualidadadiario.com\/index.php\/wp-json\/wp\/v2\/tags?post=21958"}],"curies":[{"name":"wp","href":"https:\/\/api.w.org\/{rel}","templated":true}]}}