{"id":21949,"date":"2017-12-29T12:10:11","date_gmt":"2017-12-29T15:10:11","guid":{"rendered":"http:\/\/actualidadadiario.com\/site\/?p=21949"},"modified":"2017-12-29T12:10:11","modified_gmt":"2017-12-29T15:10:11","slug":"para-el-hijo-de-julio-lopez-otorgarle-la-domiciliaria-a-etchecolatz-es-como-dejar-libre-a-hitler","status":"publish","type":"post","link":"https:\/\/www.actualidadadiario.com\/index.php\/2017\/12\/29\/para-el-hijo-de-julio-lopez-otorgarle-la-domiciliaria-a-etchecolatz-es-como-dejar-libre-a-hitler\/","title":{"rendered":"Para el hijo de Julio L\u00f3pez, otorgarle la domiciliaria a Etchecolatz &#8220;es como dejar libre a Hitler&#8221;"},"content":{"rendered":"<p><em><strong>Rub\u00e9n L\u00f3pez, el hijo del testigo desaparecido Jorge Julio L\u00f3pez, afirm\u00f3 este jueves que otorgarle el beneficio de la prisi\u00f3n domiciliaria al represor Miguel Etchecolatz &#8220;es como dejar libre a (Adolf) Hitler&#8221; y que al enterarse sinti\u00f3 &#8220;bronca, dolor e impotencia&#8221;<\/strong><\/em><\/p>\n<p>&nbsp;<\/p>\n<p>&nbsp;<\/p>\n<p>&nbsp;<\/p>\n<p>&nbsp;<\/p>\n<p>&#8220;Es como dejar libre a Hitler. Etchecolatz es un enano fascista hijo de Hitler. No se c\u00f3mo calificarlo de otra forma para no decirle hijo de mil puta. Descargar la bronca es lo \u00fanico que puedo hacer&#8221;, enfatiz\u00f3.<\/p>\n<p>&nbsp;<\/p>\n<p>Adem\u00e1s, confirm\u00f3 que este viernes a las 18:30 encabezar\u00e1 una protesta denominada &#8220;broncazo&#8221; para rechazar el fallo judicial en la ciudad de Mar del Plata, a donde el Servicio Penitenciario Federal (SPF) trasladar\u00e1 a Etchecolatz.<\/p>\n<p>&nbsp;<\/p>\n<p>El hijo del testigo que desapareci\u00f3 en 2006 tras declarar en La Plata en un juicio contra el excomisario bonaerense consider\u00f3 que la decisi\u00f3n de Tribunal Oral Federal 6 fue tomada &#8220;porque el poder pol\u00edtico est\u00e1 presionando a los jueces&#8221; para favorecer a los represores.<\/p>\n<p>&nbsp;<\/p>\n<p>&#8220;Todav\u00eda no puedo explicarme como estos jueces tienen ese pensamiento de un genocida que tiene seis condenas a cadena perpetua&#8221;, se\u00f1al\u00f3 en declaraciones a AM 750.<\/p>\n<p>&nbsp;<\/p>\n<p>Y subray\u00f3: &#8220;Le dan domiciliaria a Etchecolatz mientras que encarcelan a dirigentes pol\u00edticos sin pruebas. Es evidente que el poder pol\u00edtico presiona a los jueces&#8221;.<\/p>\n<p>&nbsp;<\/p>\n<p>&#8220;Estuvimos todo el a\u00f1o peleando por un mont\u00f3n de situaciones, como el 2&#215;1 a los genocidas, y los \u00faltimos d\u00edas del a\u00f1o pretend\u00eda pasarlo bien. Estoy con mucha bronca&#8221;, sostuvo Rub\u00e9n L\u00f3pez.<\/p>\n<p>&nbsp;<\/p>\n<p>Luego de haber recibido otros fallos en el mismo sentido, los jueces Jos\u00e9 Sobrino, Julio Panelo y Fernando Canero le otorgaron este mi\u00e9rcoles la prisi\u00f3n domiciliaria por la avanzada edad y deteriorado estado de salud a Etchecolatz, que este viernes por la madrugada ser\u00e1 trasladado a Mar del Plata, donde estableci\u00f3 domicilio, en el Bosque Peralta Ramos.<\/p>\n<p>&nbsp;<\/p>\n<p>El exjefe de la Brigada de Investigaciones de la Bonaerense fue condenado en seis juicios por delitos de lesa humanidad y actualmente afronta otros procesos por episodios ocurridos durante la \u00faltima dictadura.<\/p>\n<p>&nbsp;<\/p>\n<p>&#8220;\u00c9l fue part\u00edcipe de los tormentos que recibi\u00f3 mi padre y comand\u00f3 el operativo de secuestro&#8221; en la dictadura, resalt\u00f3 Rub\u00e9n L\u00f3pez, que tambi\u00e9n record\u00f3: &#8220;Todos creemos que fue el ide\u00f3logo&#8221; de su desaparici\u00f3n.<\/p>\n<p>&nbsp;<\/p>\n<p>El testigo fue visto por \u00faltima vez el 18 de septiembre de 2006, d\u00edas despu\u00e9s de haber declarado contra Etchecolatz en un juicio por los delitos de tormentos y desapariciones cometidas en el Pozo de Arana y las comisar\u00edas 5\u00ba y 8\u00ba de La Plata.<\/p>\n<p>&nbsp;<\/p>\n<p>Durante ese proceso, el ex polic\u00eda fue fotografiado con un papel en la mano que ten\u00eda el nombre de Jorge Julio L\u00f3pez.<\/p>\n","protected":false},"excerpt":{"rendered":"<p>Rub\u00e9n L\u00f3pez, el hijo del testigo desaparecido Jorge Julio L\u00f3pez, afirm\u00f3 este jueves que otorgarle el beneficio de la prisi\u00f3n domiciliaria al represor Miguel Etchecolatz &#8220;es como dejar libre a (Adolf) Hitler&#8221; y que al enterarse sinti\u00f3 &#8220;bronca, dolor e impotencia&#8221; &nbsp; &nbsp; &nbsp; &nbsp; &#8220;Es como dejar libre a Hitler. Etchecolatz es un enano fascista hijo de Hitler. No se c\u00f3mo calificarlo de otra forma para no decirle hijo de mil puta. Descargar la bronca es lo \u00fanico que puedo hacer&#8221;, enfatiz\u00f3. &nbsp; Adem\u00e1s, confirm\u00f3 que este viernes a&#8230;<\/p>\n","protected":false},"author":3,"featured_media":21950,"comment_status":"closed","ping_status":"closed","sticky":false,"template":"","format":"standard","meta":[],"categories":[18],"tags":[],"_links":{"self":[{"href":"https:\/\/www.actualidadadiario.com\/index.php\/wp-json\/wp\/v2\/posts\/21949"}],"collection":[{"href":"https:\/\/www.actualidadadiario.com\/index.php\/wp-json\/wp\/v2\/posts"}],"about":[{"href":"https:\/\/www.actualidadadiario.com\/index.php\/wp-json\/wp\/v2\/types\/post"}],"author":[{"embeddable":true,"href":"https:\/\/www.actualidadadiario.com\/index.php\/wp-json\/wp\/v2\/users\/3"}],"replies":[{"embeddable":true,"href":"https:\/\/www.actualidadadiario.com\/index.php\/wp-json\/wp\/v2\/comments?post=21949"}],"version-history":[{"count":1,"href":"https:\/\/www.actualidadadiario.com\/index.php\/wp-json\/wp\/v2\/posts\/21949\/revisions"}],"predecessor-version":[{"id":21951,"href":"https:\/\/www.actualidadadiario.com\/index.php\/wp-json\/wp\/v2\/posts\/21949\/revisions\/21951"}],"wp:featuredmedia":[{"embeddable":true,"href":"https:\/\/www.actualidadadiario.com\/index.php\/wp-json\/wp\/v2\/media\/21950"}],"wp:attachment":[{"href":"https:\/\/www.actualidadadiario.com\/index.php\/wp-json\/wp\/v2\/media?parent=21949"}],"wp:term":[{"taxonomy":"category","embeddable":true,"href":"https:\/\/www.actualidadadiario.com\/index.php\/wp-json\/wp\/v2\/categories?post=21949"},{"taxonomy":"post_tag","embeddable":true,"href":"https:\/\/www.actualidadadiario.com\/index.php\/wp-json\/wp\/v2\/tags?post=21949"}],"curies":[{"name":"wp","href":"https:\/\/api.w.org\/{rel}","templated":true}]}}