{"id":21312,"date":"2017-12-08T10:56:58","date_gmt":"2017-12-08T13:56:58","guid":{"rendered":"http:\/\/actualidadadiario.com\/site\/?p=21312"},"modified":"2017-12-08T10:56:58","modified_gmt":"2017-12-08T13:56:58","slug":"el-relato-de-tres-catequistas-que-acusan-de-abuso-a-un-cura-de-san-isidro","status":"publish","type":"post","link":"https:\/\/www.actualidadadiario.com\/index.php\/2017\/12\/08\/el-relato-de-tres-catequistas-que-acusan-de-abuso-a-un-cura-de-san-isidro\/","title":{"rendered":"El relato de tres catequistas que acusan de abuso a un cura de San Isidro"},"content":{"rendered":"<p><em><strong>El p\u00e1rroco Mario Koessler est\u00e1 imputado por la justicia penal y piden que sea llevado a juicio oral. Los abusos ocurrieron entre 2014 y 2015<\/strong><\/em><\/p>\n<p>&nbsp;<\/p>\n<p>&nbsp;<\/p>\n<p>&nbsp;<\/p>\n<p>&nbsp;<\/p>\n<p>&#8220;Me levanto para saludarlo y se me acerca para darme un beso. Yo ten\u00eda los brazos pegados al cuerpo. Peso 52 kilos y \u00e9l pesaba 120. De repente me aprieta, me trinca, me mete la lengua en la boca y me la pasa por toda la cara. Pone su pierna en mi entrepierna, acerca la cara a mi o\u00eddo y empieza a jadear. Qued\u00e9 petrificada&#8221;, record\u00f3 Nora en di\u00e1logo con T\u00e9lam, sobre el ataque que concluy\u00f3 cuando pudo darle un empuj\u00f3n y alejarse de su despacho.<\/p>\n<p>&nbsp;<\/p>\n<p>Nora tiene 74 a\u00f1os y es catequista desde los 18. Denunci\u00f3 que fue abusada por el cura Mario Koessler en febrero de 2015 durante una reuni\u00f3n a la que la cit\u00f3 tras ofrecerle coordinar la catequesis de los ni\u00f1os en la Parroquia San Jos\u00e9, ubicada en Diego Palma y Garibaldi.<\/p>\n<p>&nbsp;<\/p>\n<p>Las mujeres decidieron hacer la denuncia penal contra Koessler en la Unidad Fiscal y el juzgado de Violencia de G\u00e9nero n\u00famero 1 a cargo del doctor Ricardo Costa. La car\u00e1tula es abuso sexual agravado. El religioso fue apartado de su cargo por el Obispado de San Isidro.<\/p>\n<p>&nbsp;<\/p>\n<p>A fines de noviembre, la justicia penal de San Isidro imput\u00f3 a Koessler por abuso sexual agravado contra las tres mujeres catequistas de 74, 62 y 39 a\u00f1os. Los ataques, de acuerdo a la denuncia, ocurrieron en el despacho del sacerdote en la Parroquia San Jos\u00e9, de ese municipio bonaerense, entre finales de 2014 y agosto de 2015.<\/p>\n<p>&nbsp;<\/p>\n<p>Otra de las v\u00edctimas es Catalina, es un nombre ficticio a pedido de la mujer de 39 a\u00f1os, relat\u00f3 haber vivido una situaci\u00f3n similar en agosto de 2015 cuando se acerc\u00f3 a Koessler para pedirle conforto espiritual despu\u00e9s de enterarse que una persona de su entorno familiar hab\u00eda sufrido un abuso, lo que le hizo revivir su propia historia de abusos perpetrados por su padre en su Paraguay natal.<\/p>\n<p>&nbsp;<\/p>\n<p>&#8220;Me fui al despacho y le cont\u00e9 lo que me pasaba. &#8216;Es una estad\u00edstica. El hombre tiene sus instintos&#8217;, me dijo, y me invit\u00f3 a confesarme. Me sent\u00ed enfurecida y me levant\u00e9 para irme pero me agarr\u00f3 por la fuerza y me apret\u00f3. Puso la cara cerca de la m\u00eda y empez\u00f3 a jadear. Lo empuj\u00e9 y sal\u00ed. Para m\u00ed fue un abusador m\u00e1s&#8221;, cont\u00f3 Catalina, qui\u00e9n trabaja como empleada dom\u00e9stica y por entonces era catequista del grupo de padres de la Parroquia San Jos\u00e9 los s\u00e1bados.<\/p>\n<p>&nbsp;<\/p>\n<p>Un ataque de id\u00e9nticas caracter\u00edsticas denunci\u00f3 haber sufrido Felisa (que tambi\u00e9n pidi\u00f3 mantener su identidad bajo reserva) a finales de 2014, pero guard\u00f3 el secreto hasta que en febrero de 2015 Nora le cont\u00f3 lo que le hab\u00eda ocurrido.<\/p>\n<p>&nbsp;<\/p>\n<p>&#8220;Te creo porque a m\u00ed me pas\u00f3 lo mismo&#8221;, solt\u00f3 entonces, aunque reci\u00e9n a mediados del a\u00f1o pasado ambas comenzar\u00edan a narrar los abusos a sus hijos y allegados, y se encontrar\u00edan con el testimonio de Catalina.<\/p>\n<p>&nbsp;<\/p>\n<p>Ya con el respaldo familiar y tras realizar varios pedidos lograron mantener reuniones con Ojea en el Obispado de San Isidro. &#8220;Se mostr\u00f3 sorprendido. &#8216;Tengo que hablar con \u00e9l, tengo que escucharlo&#8217;, nos dijo. Lo m\u00ednimo que podr\u00eda haber hecho es darnos contenci\u00f3n&#8221;, coincidieron las tres mujeres, que tras los abusos buscaron atenci\u00f3n psicol\u00f3gica que mantienen hasta hoy.<\/p>\n<p>&nbsp;<\/p>\n<p>&nbsp;<\/p>\n<p><strong>La causa judicial<\/strong><\/p>\n<p>&#8220;Ya se cerr\u00f3 la etapa de investigaci\u00f3n penal preparatoria y estoy trabajando para pedir al juez la elevaci\u00f3n de la causa a juicio oral. El plazo para esa solicitud vence el pr\u00f3ximo 28 de diciembre&#8221;, dijo a T\u00e9lam Laura Zyseskind, a cargo de la Fiscal\u00eda de Violencia de G\u00e9nero de San Isidro, donde se radic\u00f3 la denuncia.<\/p>\n<p>&nbsp;<\/p>\n<p>Koessler, de 62 a\u00f1os, vive en el Hogar Mar\u00edn desde que fue desplazado de su cargo en la parroquia San Jos\u00e9 a ra\u00edz de las acusaciones.<\/p>\n<p>&nbsp;<\/p>\n<p>El 29 de septiembre de 2016, las tres catequistas presentaron la denuncia ante la Fiscal\u00eda de Violencia de G\u00e9nero, lo que abri\u00f3 la investigaci\u00f3n penal, y meses despu\u00e9s dieron su testimonio para la apertura de un juicio can\u00f3nico contra Koessler.<\/p>\n","protected":false},"excerpt":{"rendered":"<p>El p\u00e1rroco Mario Koessler est\u00e1 imputado por la justicia penal y piden que sea llevado a juicio oral. Los abusos ocurrieron entre 2014 y 2015 &nbsp; &nbsp; &nbsp; &nbsp; &#8220;Me levanto para saludarlo y se me acerca para darme un beso. Yo ten\u00eda los brazos pegados al cuerpo. Peso 52 kilos y \u00e9l pesaba 120. De repente me aprieta, me trinca, me mete la lengua en la boca y me la pasa por toda la cara. Pone su pierna en mi entrepierna, acerca la cara a mi o\u00eddo y empieza&#8230;<\/p>\n","protected":false},"author":3,"featured_media":21313,"comment_status":"closed","ping_status":"closed","sticky":false,"template":"","format":"standard","meta":[],"categories":[4],"tags":[],"_links":{"self":[{"href":"https:\/\/www.actualidadadiario.com\/index.php\/wp-json\/wp\/v2\/posts\/21312"}],"collection":[{"href":"https:\/\/www.actualidadadiario.com\/index.php\/wp-json\/wp\/v2\/posts"}],"about":[{"href":"https:\/\/www.actualidadadiario.com\/index.php\/wp-json\/wp\/v2\/types\/post"}],"author":[{"embeddable":true,"href":"https:\/\/www.actualidadadiario.com\/index.php\/wp-json\/wp\/v2\/users\/3"}],"replies":[{"embeddable":true,"href":"https:\/\/www.actualidadadiario.com\/index.php\/wp-json\/wp\/v2\/comments?post=21312"}],"version-history":[{"count":1,"href":"https:\/\/www.actualidadadiario.com\/index.php\/wp-json\/wp\/v2\/posts\/21312\/revisions"}],"predecessor-version":[{"id":21314,"href":"https:\/\/www.actualidadadiario.com\/index.php\/wp-json\/wp\/v2\/posts\/21312\/revisions\/21314"}],"wp:featuredmedia":[{"embeddable":true,"href":"https:\/\/www.actualidadadiario.com\/index.php\/wp-json\/wp\/v2\/media\/21313"}],"wp:attachment":[{"href":"https:\/\/www.actualidadadiario.com\/index.php\/wp-json\/wp\/v2\/media?parent=21312"}],"wp:term":[{"taxonomy":"category","embeddable":true,"href":"https:\/\/www.actualidadadiario.com\/index.php\/wp-json\/wp\/v2\/categories?post=21312"},{"taxonomy":"post_tag","embeddable":true,"href":"https:\/\/www.actualidadadiario.com\/index.php\/wp-json\/wp\/v2\/tags?post=21312"}],"curies":[{"name":"wp","href":"https:\/\/api.w.org\/{rel}","templated":true}]}}