{"id":21303,"date":"2017-12-08T10:53:53","date_gmt":"2017-12-08T13:53:53","guid":{"rendered":"http:\/\/actualidadadiario.com\/site\/?p=21303"},"modified":"2017-12-08T10:53:53","modified_gmt":"2017-12-08T13:53:53","slug":"cumpli-el-sueno-del-pibe-dijo-el-fueguino-que-diseno-el-ultimo-lamborghini","status":"publish","type":"post","link":"https:\/\/www.actualidadadiario.com\/index.php\/2017\/12\/08\/cumpli-el-sueno-del-pibe-dijo-el-fueguino-que-diseno-el-ultimo-lamborghini\/","title":{"rendered":"&#8220;Cumpl\u00ed el sue\u00f1o del pibe&#8221;, dijo el fueguino que dise\u00f1\u00f3 el \u00faltimo Lamborghini"},"content":{"rendered":"<p><em><strong>Facundo El\u00edas tiene 32 a\u00f1os, estudi\u00f3 dise\u00f1o industrial en la UBA y en el a\u00f1o 2011 se fue a Italia, la una de las grandes marcas de autos deportivos<\/strong><\/em><\/p>\n<p>&nbsp;<\/p>\n<p>&nbsp;<\/p>\n<p>&nbsp;<\/p>\n<p>Facundo El\u00edas creci\u00f3 en Ushuaia, tir\u00e1ndose en kartings de rulemanes por las calles con pendiente y jugando a modificar autopartes en el negocio de su padre, sin imaginar que dos d\u00e9cadas despu\u00e9s cumplir\u00eda &#8220;el sue\u00f1o del pibe&#8221; al liderar el dise\u00f1o de Terzo Millennio, el \u00faltimo modelo de Lamborghini<\/p>\n<p>&nbsp;<\/p>\n<p>El nuevo dise\u00f1o de la cl\u00e1sica mara italiana de autos deportivos es, adem\u00e1s, el primero con propulsi\u00f3n totalmente el\u00e9ctrica y fue desarrollado en alianza con el Massahusetts Institute of Tehnology (MIT) de Boston, Estados Unidos.<\/p>\n<p>&nbsp;<\/p>\n<p>El\u00edas tiene 32 a\u00f1os y naci\u00f3 en Bah\u00eda Blanca pero a los pocos meses su familia se mud\u00f3 a la capital de Tierra del Fuego donde, al terminar la secundaria, se decidi\u00f3 por estudiar dise\u00f1o industrial en la Universidad de Buenos Aires y ya en 2011, enamorado del dise\u00f1o de autos, se fue a Italia, una de las grandes marcas de autos deportivos.<\/p>\n","protected":false},"excerpt":{"rendered":"<p>Facundo El\u00edas tiene 32 a\u00f1os, estudi\u00f3 dise\u00f1o industrial en la UBA y en el a\u00f1o 2011 se fue a Italia, la una de las grandes marcas de autos deportivos &nbsp; &nbsp; &nbsp; Facundo El\u00edas creci\u00f3 en Ushuaia, tir\u00e1ndose en kartings de rulemanes por las calles con pendiente y jugando a modificar autopartes en el negocio de su padre, sin imaginar que dos d\u00e9cadas despu\u00e9s cumplir\u00eda &#8220;el sue\u00f1o del pibe&#8221; al liderar el dise\u00f1o de Terzo Millennio, el \u00faltimo modelo de Lamborghini &nbsp; El nuevo dise\u00f1o de la cl\u00e1sica mara italiana&#8230;<\/p>\n","protected":false},"author":3,"featured_media":21304,"comment_status":"closed","ping_status":"closed","sticky":false,"template":"","format":"standard","meta":[],"categories":[4],"tags":[],"_links":{"self":[{"href":"https:\/\/www.actualidadadiario.com\/index.php\/wp-json\/wp\/v2\/posts\/21303"}],"collection":[{"href":"https:\/\/www.actualidadadiario.com\/index.php\/wp-json\/wp\/v2\/posts"}],"about":[{"href":"https:\/\/www.actualidadadiario.com\/index.php\/wp-json\/wp\/v2\/types\/post"}],"author":[{"embeddable":true,"href":"https:\/\/www.actualidadadiario.com\/index.php\/wp-json\/wp\/v2\/users\/3"}],"replies":[{"embeddable":true,"href":"https:\/\/www.actualidadadiario.com\/index.php\/wp-json\/wp\/v2\/comments?post=21303"}],"version-history":[{"count":1,"href":"https:\/\/www.actualidadadiario.com\/index.php\/wp-json\/wp\/v2\/posts\/21303\/revisions"}],"predecessor-version":[{"id":21305,"href":"https:\/\/www.actualidadadiario.com\/index.php\/wp-json\/wp\/v2\/posts\/21303\/revisions\/21305"}],"wp:featuredmedia":[{"embeddable":true,"href":"https:\/\/www.actualidadadiario.com\/index.php\/wp-json\/wp\/v2\/media\/21304"}],"wp:attachment":[{"href":"https:\/\/www.actualidadadiario.com\/index.php\/wp-json\/wp\/v2\/media?parent=21303"}],"wp:term":[{"taxonomy":"category","embeddable":true,"href":"https:\/\/www.actualidadadiario.com\/index.php\/wp-json\/wp\/v2\/categories?post=21303"},{"taxonomy":"post_tag","embeddable":true,"href":"https:\/\/www.actualidadadiario.com\/index.php\/wp-json\/wp\/v2\/tags?post=21303"}],"curies":[{"name":"wp","href":"https:\/\/api.w.org\/{rel}","templated":true}]}}