{"id":21294,"date":"2017-12-08T10:51:42","date_gmt":"2017-12-08T13:51:42","guid":{"rendered":"http:\/\/actualidadadiario.com\/site\/?p=21294"},"modified":"2017-12-08T10:51:42","modified_gmt":"2017-12-08T13:51:42","slug":"marcos-pena-tuvo-que-aclarar-que-el-gobierno-no-direcciona-a-la-justicia","status":"publish","type":"post","link":"https:\/\/www.actualidadadiario.com\/index.php\/2017\/12\/08\/marcos-pena-tuvo-que-aclarar-que-el-gobierno-no-direcciona-a-la-justicia\/","title":{"rendered":"Marcos Pe\u00f1a tuvo que aclarar que el gobierno no direcciona a la Justicia"},"content":{"rendered":"<p><em><strong>El jefe de Gabinete sali\u00f3 a hablar despu\u00e9s de la conferencia de Cristina Kirchner. Evit\u00f3 opinar sobre Bonadio<\/strong><\/em><\/p>\n<p>&nbsp;<\/p>\n<p>&nbsp;<\/p>\n<p>&nbsp;<\/p>\n<p>El jefe de Gabinete, Marcos Pe\u00f1a, improvis\u00f3 una conferencia de prensa en la que aclar\u00f3 que el gobierno no tuvo que ver con la decisi\u00f3n del juez Claudio Bonadio de pedirle al Senado el desafuero de Cristina Kirchner para detenerla por el presunto encubrimiento de los iran\u00edes acusados por el atentado a la AMIA.<\/p>\n<p>&nbsp;<\/p>\n<p>&#8220;La gente conoce al Presidente y sabe que no vino a interferir en la Justicia&#8221;, afirm\u00f3 Pe\u00f1a en declaraciones a los medios de prensa acreditados en la Casa Rosada. Pe\u00f1a remarc\u00f3 que el Jefe de Estado &#8220;est\u00e1 abocado a gobernar y seguir adelante y a dejar trabajar a la Justicia&#8221;.<\/p>\n<p>&nbsp;<\/p>\n<p>Minutos despu\u00e9s de que Cristina Kirchner concluyera su rueda de prensa en el Congreso, con fuertes acusaciones contra Macri, a quien se\u00f1al\u00f3 como el autor intelectual de su procesamiento, Pe\u00f1a pidi\u00f3 &#8220;dejar trabajar a la Justicia independientemente&#8221;<\/p>\n<p>&nbsp;<\/p>\n<p>&#8220;Corresponde a la Justicia proseguir con el tr\u00e1mite normal de una investigaci\u00f3n de este tipo. Obviamente es una situaci\u00f3n que revierte una particularidad por el tipo de denuncia, por las acusaciones que se han hecho. El tema requiere una investigaci\u00f3n muy bien hecha y obviamente un debido proceso de defensa para los acusados y esperamos que se pueda desarrollar en la normalidad que requiere este tema institucional&#8221;, sostuvo.<\/p>\n<p>&nbsp;<\/p>\n<p>Pe\u00f1a consider\u00f3 que no le &#8220;corresponde&#8221; al Gobierno &#8220;opinar sobre una decisi\u00f3n de un juez que tom\u00f3 esta decisi\u00f3n en base a fundamentos y consideraciones&#8221;, y anticip\u00f3 que el interbloque de Cambiemos en el Senado ya ha expresado que el pedido de desafuero se tratar\u00e1 con la &#8220;prudencia y la institucionalidad necesaria, pensando no en t\u00e9rminos partidarios, sino en t\u00e9rminos institucionales&#8221;.<\/p>\n<p>&nbsp;<\/p>\n<p>&#8220;Como corresponde a todos los ciudadanos, somos todos iguales ante la ley y todos tenemos que dar explicaciones ante la Justicia, y todos tenemos derecho a la defensa en un proceso judicial con todas las garant\u00edas&#8221;, a\u00f1adi\u00f3 a los periodistas acreditados de Casa de Gobierno.<\/p>\n<p>&nbsp;<\/p>\n<p>Pe\u00f1a, al ser consultado por las tantas detenciones de ex funcionarios del kirchnerismo, asegur\u00f3 que &#8220;es un tema que deber\u00e1 explicar la Justicia&#8221; y que &#8220;en muchos casos son investigaciones que llevan muchos a\u00f1os, son causas que a veces no avanzaban y que despu\u00e9s avanzaron. Es el Poder Judicial el que tiene que tener la autonom\u00eda y la responsabilidad de dar las explicaciones en cada caso&#8221;.<\/p>\n<p>&nbsp;<\/p>\n<p>Enfatiz\u00f3 que est\u00e1 garantizada la &#8220;independencia de los poderes&#8221; y dijo que hay &#8220;un Poder Judicial independiente, cre\u00edble y con toda la libertad para hacer los desarrollos de investigaciones y lo que corresponda&#8221;.<\/p>\n<p>&nbsp;<\/p>\n<p>Pe\u00f1a evit\u00f3 dar una opini\u00f3n puntual sobre el desempe\u00f1o del juez Bonadio: &#8220;Debemos ser muy respetuosos de la tarea de los jueces y en todo caso hay \u00e1mbitos institucionales para poder dar las discusiones en los casos que hagan falta&#8221;.<\/p>\n","protected":false},"excerpt":{"rendered":"<p>El jefe de Gabinete sali\u00f3 a hablar despu\u00e9s de la conferencia de Cristina Kirchner. Evit\u00f3 opinar sobre Bonadio &nbsp; &nbsp; &nbsp; El jefe de Gabinete, Marcos Pe\u00f1a, improvis\u00f3 una conferencia de prensa en la que aclar\u00f3 que el gobierno no tuvo que ver con la decisi\u00f3n del juez Claudio Bonadio de pedirle al Senado el desafuero de Cristina Kirchner para detenerla por el presunto encubrimiento de los iran\u00edes acusados por el atentado a la AMIA. &nbsp; &#8220;La gente conoce al Presidente y sabe que no vino a interferir en la&#8230;<\/p>\n","protected":false},"author":3,"featured_media":21295,"comment_status":"closed","ping_status":"closed","sticky":false,"template":"","format":"standard","meta":[],"categories":[18],"tags":[],"_links":{"self":[{"href":"https:\/\/www.actualidadadiario.com\/index.php\/wp-json\/wp\/v2\/posts\/21294"}],"collection":[{"href":"https:\/\/www.actualidadadiario.com\/index.php\/wp-json\/wp\/v2\/posts"}],"about":[{"href":"https:\/\/www.actualidadadiario.com\/index.php\/wp-json\/wp\/v2\/types\/post"}],"author":[{"embeddable":true,"href":"https:\/\/www.actualidadadiario.com\/index.php\/wp-json\/wp\/v2\/users\/3"}],"replies":[{"embeddable":true,"href":"https:\/\/www.actualidadadiario.com\/index.php\/wp-json\/wp\/v2\/comments?post=21294"}],"version-history":[{"count":1,"href":"https:\/\/www.actualidadadiario.com\/index.php\/wp-json\/wp\/v2\/posts\/21294\/revisions"}],"predecessor-version":[{"id":21296,"href":"https:\/\/www.actualidadadiario.com\/index.php\/wp-json\/wp\/v2\/posts\/21294\/revisions\/21296"}],"wp:featuredmedia":[{"embeddable":true,"href":"https:\/\/www.actualidadadiario.com\/index.php\/wp-json\/wp\/v2\/media\/21295"}],"wp:attachment":[{"href":"https:\/\/www.actualidadadiario.com\/index.php\/wp-json\/wp\/v2\/media?parent=21294"}],"wp:term":[{"taxonomy":"category","embeddable":true,"href":"https:\/\/www.actualidadadiario.com\/index.php\/wp-json\/wp\/v2\/categories?post=21294"},{"taxonomy":"post_tag","embeddable":true,"href":"https:\/\/www.actualidadadiario.com\/index.php\/wp-json\/wp\/v2\/tags?post=21294"}],"curies":[{"name":"wp","href":"https:\/\/api.w.org\/{rel}","templated":true}]}}