{"id":21291,"date":"2017-12-08T10:50:47","date_gmt":"2017-12-08T13:50:47","guid":{"rendered":"http:\/\/actualidadadiario.com\/site\/?p=21291"},"modified":"2017-12-08T10:50:47","modified_gmt":"2017-12-08T13:50:47","slug":"congreso-macri-convoco-a-sesiones-extraordinarias","status":"publish","type":"post","link":"https:\/\/www.actualidadadiario.com\/index.php\/2017\/12\/08\/congreso-macri-convoco-a-sesiones-extraordinarias\/","title":{"rendered":"Congreso: Macri convoc\u00f3 a sesiones extraordinarias"},"content":{"rendered":"<p><em><strong>Adem\u00e1s del Presupuesto 2018, la reforma tributaria, el acuerdo fiscal y la reforma laboral se abordar\u00e1n tratados internacionales<\/strong><\/em><\/p>\n<p>&nbsp;<\/p>\n<p>&nbsp;<\/p>\n<p>&nbsp;<\/p>\n<p>El presidente Mauricio Macri convoc\u00f3 a sesiones extraordinarias del Congreso hasta el 31 de diciembre para tratar el Presupuesto 2018, la reforma tributaria, el acuerdo fiscal y la reforma laboral.<\/p>\n<p>&nbsp;<\/p>\n<p>&#8220;Va a salir el decreto&#8221;, inform\u00f3 el jefe de Gabinete, Marcos Pe\u00f1a, quien precis\u00f3 que la convocatoria que ser\u00e1 publicada en el Bolet\u00edn Oficial &#8220;va a incluir muchos de los temas que se vienen discutiendo: presupuesto, reforma tributaria, la cuesti\u00f3n del compromiso fiscal, reforma laboral muy probablemente s\u00ed, tambi\u00e9n, se est\u00e1 terminando de ver el detalle&#8221;.<\/p>\n<p>&nbsp;<\/p>\n<p>Horas despu\u00e9s de las declaraciones de Pe\u00f1a se dio a conocer el Decreto que confirmaba las sesiones especiales hasta el 31 de diciembre.<\/p>\n<p>&nbsp;<\/p>\n<p>En declaraciones a periodistas acreditados en la Casa Rosada, el ministro coordinador se\u00f1al\u00f3 que la sesi\u00f3n extraordinarias ser\u00e1n &#8220;hasta el 31 de diciembre&#8221; y anticip\u00f3 que &#8220;muy probablemente habr\u00e1 otra convocatoria para febrero&#8221;.<\/p>\n<p>&nbsp;<\/p>\n<p>&#8220;Si hay temas que no est\u00e1n en \u00e9ste (decreto), muy probablemente estar\u00e1n en la pr\u00f3xima&#8221;, manifest\u00f3 el referente del PRO, quien reconoci\u00f3 que &#8220;tal vez haya temas que est\u00e9n en \u00e9ste y que no se lleguen a tratar y que se tratar\u00e1n en febrero o en extraordinarias&#8221;.<\/p>\n<p>&nbsp;<\/p>\n<p>Adem\u00e1s del Presupuesto 2018, la reforma tributaria, el acuerdo fiscal y la reforma laboral, habr\u00e1 otros temas a abordar como la consideraci\u00f3n de Acuerdos para designaciones y promociones, autorizaci\u00f3n al se\u00f1or Presidente de la Naci\u00f3n para ausentarse del pa\u00eds durante el a\u00f1o 2018 cuando razones de gobierno as\u00ed lo requieran.<\/p>\n<p>&nbsp;<\/p>\n<p>Tambi\u00e9n est\u00e1 previsto que se aborde la consideraci\u00f3n de Tratados, Convenios y Acuerdos Internacionales y la resoluci\u00f3n proponiendo designaci\u00f3n de referentes parlamentarios como integrantes del Comit\u00e9 de Lucha contra la Tortura, en cumplimiento de la Ley 26.827, entre otros.<\/p>\n","protected":false},"excerpt":{"rendered":"<p>Adem\u00e1s del Presupuesto 2018, la reforma tributaria, el acuerdo fiscal y la reforma laboral se abordar\u00e1n tratados internacionales &nbsp; &nbsp; &nbsp; El presidente Mauricio Macri convoc\u00f3 a sesiones extraordinarias del Congreso hasta el 31 de diciembre para tratar el Presupuesto 2018, la reforma tributaria, el acuerdo fiscal y la reforma laboral. &nbsp; &#8220;Va a salir el decreto&#8221;, inform\u00f3 el jefe de Gabinete, Marcos Pe\u00f1a, quien precis\u00f3 que la convocatoria que ser\u00e1 publicada en el Bolet\u00edn Oficial &#8220;va a incluir muchos de los temas que se vienen discutiendo: presupuesto, reforma tributaria,&#8230;<\/p>\n","protected":false},"author":3,"featured_media":21292,"comment_status":"closed","ping_status":"closed","sticky":false,"template":"","format":"standard","meta":[],"categories":[18],"tags":[],"_links":{"self":[{"href":"https:\/\/www.actualidadadiario.com\/index.php\/wp-json\/wp\/v2\/posts\/21291"}],"collection":[{"href":"https:\/\/www.actualidadadiario.com\/index.php\/wp-json\/wp\/v2\/posts"}],"about":[{"href":"https:\/\/www.actualidadadiario.com\/index.php\/wp-json\/wp\/v2\/types\/post"}],"author":[{"embeddable":true,"href":"https:\/\/www.actualidadadiario.com\/index.php\/wp-json\/wp\/v2\/users\/3"}],"replies":[{"embeddable":true,"href":"https:\/\/www.actualidadadiario.com\/index.php\/wp-json\/wp\/v2\/comments?post=21291"}],"version-history":[{"count":1,"href":"https:\/\/www.actualidadadiario.com\/index.php\/wp-json\/wp\/v2\/posts\/21291\/revisions"}],"predecessor-version":[{"id":21293,"href":"https:\/\/www.actualidadadiario.com\/index.php\/wp-json\/wp\/v2\/posts\/21291\/revisions\/21293"}],"wp:featuredmedia":[{"embeddable":true,"href":"https:\/\/www.actualidadadiario.com\/index.php\/wp-json\/wp\/v2\/media\/21292"}],"wp:attachment":[{"href":"https:\/\/www.actualidadadiario.com\/index.php\/wp-json\/wp\/v2\/media?parent=21291"}],"wp:term":[{"taxonomy":"category","embeddable":true,"href":"https:\/\/www.actualidadadiario.com\/index.php\/wp-json\/wp\/v2\/categories?post=21291"},{"taxonomy":"post_tag","embeddable":true,"href":"https:\/\/www.actualidadadiario.com\/index.php\/wp-json\/wp\/v2\/tags?post=21291"}],"curies":[{"name":"wp","href":"https:\/\/api.w.org\/{rel}","templated":true}]}}