{"id":21288,"date":"2017-12-08T10:49:51","date_gmt":"2017-12-08T13:49:51","guid":{"rendered":"http:\/\/actualidadadiario.com\/site\/?p=21288"},"modified":"2017-12-08T10:49:51","modified_gmt":"2017-12-08T13:49:51","slug":"preocupa-al-sector-privado-el-efecto-en-la-economia-de-la-mala-imagen-del-pais","status":"publish","type":"post","link":"https:\/\/www.actualidadadiario.com\/index.php\/2017\/12\/08\/preocupa-al-sector-privado-el-efecto-en-la-economia-de-la-mala-imagen-del-pais\/","title":{"rendered":"Preocupa al sector privado el efecto en la econom\u00eda de la &#8220;mala imagen&#8221; del pa\u00eds"},"content":{"rendered":"<p><em><strong>El empresariado local evit\u00f3 tomar postura sobre las decisiones judiciales que generaron detenciones y pedidos de desafueros por el caso AMIA, aunque alert\u00f3 que un clima de judicializaci\u00f3n de la pol\u00edtica e incertidumbre institucional dejar\u00e1 una &#8220;mala imagen&#8221; para la etapa de reinserci\u00f3n de la Argentina en el mundo. El sector privado teme que el clima de negocios se vea afectado de manera negativa ante un eventual apresamiento de Cristina Kirchner por su car\u00e1cter de ex presidenta<\/strong><\/em><\/p>\n<p>&nbsp;<\/p>\n<p>&nbsp;<\/p>\n<p>&nbsp;<\/p>\n<p>Con una extrema cautela y muchos con identidad reservada por el off the r\u00e9cord, los referentes de distintos sectores de la econom\u00eda local alertaron por las consecuencias en el desarrollo de la actividad privada ante &#8220;la imagen deteriorada que queda de la institucionalidad de la Argentina&#8221;. Sin embargo, ninguno de los consultados quiso sellar una conclusi\u00f3n sobre lo acertado o no de las decisiones del juez federal Claudio Bonad\u00edo.<\/p>\n<p>&nbsp;<\/p>\n<p>&#8220;Impacta este tipo de cuestiones pol\u00edticas a la imagen en general del pa\u00eds. Tener un ex presidente en prisi\u00f3n no es lo mejor. Pero aclaro que no tengo una postura sobre lo acertado o no de la decisi\u00f3n judicial, s\u00f3lo que alguien que no conoce de la Argentina, como sucede en Honduras con los resultados de la votaci\u00f3n, genera una imagen negativa&#8221;, admiti\u00f3 el presidente de la UIA, Miguel Acevedo, en declaraciones a BAE Negocios.<\/p>\n<p>&nbsp;<\/p>\n<p>El jefe de los industriales aclar\u00f3 que el accionar judicial es el que debe decidir la culpabilidad o inocencia de la ex presidenta, pero sostuvo que en t\u00e9rminos de negocios es una situaci\u00f3n que &#8220;impactar\u00e1 en la forma en que ven al pa\u00eds&#8221;.<\/p>\n<p>&nbsp;<\/p>\n<p>Uno de los vicepresidentes de la UIA y l\u00edder de la C\u00e1mara del Calzado, Alberto Sellaro, aclar\u00f3 que no quiso &#8220;tomar una posici\u00f3n pol\u00edtica&#8221; aunque admiti\u00f3 que &#8220;preocupa a todos, agrava la situaci\u00f3n de los sectores, del trabajo, del consumo interno que est\u00e1 muy venido a menos&#8221;. &#8220;No repunta porque los sectores sensibles en la producci\u00f3n, se alarga la cadena de pago, entre el sin fin de situaciones. Pero esto te sacude. Pensar qu\u00e9 va a pasar en nuestro pa\u00eds&#8221;, se lament\u00f3.<\/p>\n<p>&nbsp;<\/p>\n<p>El empresario industrial se quej\u00f3 que &#8220;siempre buscan a los del otro lado, nunca se analiza lo que le pasa a la parte de ellos&#8221;, en referencia a las acusaciones que afectan a la oposici\u00f3n, no s\u00f3lo en este per\u00edodo gubernamental sino como un punto com\u00fan al sistema. &#8220;Hay que tener paciencia y calma. El tiempo va a definir la gran verdad de nuestra Patria&#8221;, enfatiz\u00f3.<\/p>\n<p>&nbsp;<\/p>\n<p>El secretario de la C\u00e1mara Argentina de Comercio, Mario Grinman, sostuvo que &#8220;es un tema netamente judicial&#8221; y aclar\u00f3 que como instituci\u00f3n gremial-empresaria no les corresponde opinar, aunque destac\u00f3 que &#8220;las instituciones tienen que actuar independientemente como ocurre en una Rep\u00fablica organizada&#8221;.<\/p>\n<p>&nbsp;<\/p>\n<p>&#8220;Para el mundo de los negocios esto no suma ni resta. Pero s\u00ed es importante destacar que las leyes no pueden ser optativas. Si se comprueba que hay comisi\u00f3n de un delito, debe ser previamente investigado, procesado, y si le corresponde salir en libertad o condenado&#8221;, le dijo a este diario.<\/p>\n<p>&nbsp;<\/p>\n<p>Sin embargo, fue enf\u00e1tico en la necesidad de un &#8220;Estado m\u00e1s presente&#8221; en los reclamos callejeros, como piquetes y protestas, &#8220;que afectan a los ciudadanos&#8221;.<\/p>\n<p>&nbsp;<\/p>\n<p>Un banquero argentino sospech\u00f3 que ha una &#8220;sensaci\u00f3n que hay un poquito de sobreactuaci\u00f3n&#8221;, y admiti\u00f3 que le &#8220;genera ruido tanto show en las detenciones, con demasiada gente y demasiado de golpe&#8221;. &#8220;No hay sentencia firme, ni creo que sean personas con riesgo de fugarse. Pero era algo que muchos esper\u00e1bamos que ocurra, pero no de esta forma. Creo que la justicia tiene que trabajar&#8221;, enfatiz\u00f3.<\/p>\n<p>&nbsp;<\/p>\n<p>En un estricto off the record, sostuvo que &#8220;en los bancos no hay temor a detenciones, m\u00e1s all\u00e1 de las citaciones a indagatorias que ya hubo (Jorge Brito)&#8221;. &#8220;Tenemos muchos controles. En el sector financiero a lo sumo los que pueden tener preocupaci\u00f3n son las mesas de dinero o financieras chicas&#8221;, destac\u00f3.<\/p>\n<p>&nbsp;<\/p>\n<p>&nbsp;<\/p>\n<p><strong>Los principales medios del mundo se hicieron eco de la decisi\u00f3n judicial<\/strong><\/p>\n<p>Los principales diarios del mundo se hicieron ayer eco del procesamiento con prisi\u00f3n preventiva contra la ex presidenta Cristina Fern\u00e1ndez en el marco de la causa que investiga el Memorando de Entendimiento con Ir\u00e1n por el atentado a la AMIA.<\/p>\n<p>&nbsp;<\/p>\n<p>\u201cUn juez argentino pide autorizaci\u00f3n al Congreso para detener a Cristina Kirchner\u201d, rez\u00f3 la tapa del diario espa\u00f1ol El Pa\u00eds en su secci\u00f3n Internacional, en tanto que ABC dijo: \u201cDetienen a Zannini, mano derecha de Kirchner, por encubrir a los autores del atentado a la AMIA\u201d.<\/p>\n<p>&nbsp;<\/p>\n<p>El brasile\u00f1o O Globo, titul\u00f3 p: \u201cJusticia argentina ordena prisi\u00f3n de Cristina Kirchner\u201d, en tanto que El Comercio de Per\u00fa afirm\u00f3 que \u201cJuez pide desafuero y arresto de Cristina Fern\u00e1ndez\u201d.<\/p>\n<p>&nbsp;<\/p>\n<p>Por su parte, la CNN en Espa\u00f1ol destac\u00f3: \u201cJuez Bonadio ordena procesar a Cristina Fern\u00e1ndez de Kirchner\u201d y The Washington Post, dijo que \u201cJuez argentino busca el arresto de la ex presidente Fern\u00e1ndez\u201d.<\/p>\n<p>&nbsp;<\/p>\n<p>El Pa\u00eds de Uruguay, afirm\u00f3: \u201cProcesaron a Cristina Fern\u00e1ndez y el juez pidi\u00f3 su desafuero y detenci\u00f3n\u201d. Y Emol de Chile, llev\u00f3 el tema con \u201cArgentina: Piden desafuero y prisi\u00f3n preventiva para Cristina Fern\u00e1ndez por caso de la AMIA\u201d.<\/p>\n","protected":false},"excerpt":{"rendered":"<p>El empresariado local evit\u00f3 tomar postura sobre las decisiones judiciales que generaron detenciones y pedidos de desafueros por el caso AMIA, aunque alert\u00f3 que un clima de judicializaci\u00f3n de la pol\u00edtica e incertidumbre institucional dejar\u00e1 una &#8220;mala imagen&#8221; para la etapa de reinserci\u00f3n de la Argentina en el mundo. El sector privado teme que el clima de negocios se vea afectado de manera negativa ante un eventual apresamiento de Cristina Kirchner por su car\u00e1cter de ex presidenta &nbsp; &nbsp; &nbsp; Con una extrema cautela y muchos con identidad reservada por&#8230;<\/p>\n","protected":false},"author":3,"featured_media":21289,"comment_status":"closed","ping_status":"closed","sticky":false,"template":"","format":"standard","meta":[],"categories":[18],"tags":[],"_links":{"self":[{"href":"https:\/\/www.actualidadadiario.com\/index.php\/wp-json\/wp\/v2\/posts\/21288"}],"collection":[{"href":"https:\/\/www.actualidadadiario.com\/index.php\/wp-json\/wp\/v2\/posts"}],"about":[{"href":"https:\/\/www.actualidadadiario.com\/index.php\/wp-json\/wp\/v2\/types\/post"}],"author":[{"embeddable":true,"href":"https:\/\/www.actualidadadiario.com\/index.php\/wp-json\/wp\/v2\/users\/3"}],"replies":[{"embeddable":true,"href":"https:\/\/www.actualidadadiario.com\/index.php\/wp-json\/wp\/v2\/comments?post=21288"}],"version-history":[{"count":1,"href":"https:\/\/www.actualidadadiario.com\/index.php\/wp-json\/wp\/v2\/posts\/21288\/revisions"}],"predecessor-version":[{"id":21290,"href":"https:\/\/www.actualidadadiario.com\/index.php\/wp-json\/wp\/v2\/posts\/21288\/revisions\/21290"}],"wp:featuredmedia":[{"embeddable":true,"href":"https:\/\/www.actualidadadiario.com\/index.php\/wp-json\/wp\/v2\/media\/21289"}],"wp:attachment":[{"href":"https:\/\/www.actualidadadiario.com\/index.php\/wp-json\/wp\/v2\/media?parent=21288"}],"wp:term":[{"taxonomy":"category","embeddable":true,"href":"https:\/\/www.actualidadadiario.com\/index.php\/wp-json\/wp\/v2\/categories?post=21288"},{"taxonomy":"post_tag","embeddable":true,"href":"https:\/\/www.actualidadadiario.com\/index.php\/wp-json\/wp\/v2\/tags?post=21288"}],"curies":[{"name":"wp","href":"https:\/\/api.w.org\/{rel}","templated":true}]}}