{"id":21285,"date":"2017-12-08T10:48:47","date_gmt":"2017-12-08T13:48:47","guid":{"rendered":"http:\/\/actualidadadiario.com\/site\/?p=21285"},"modified":"2017-12-08T10:48:47","modified_gmt":"2017-12-08T13:48:47","slug":"despues-de-la-avanzada-judicial-contra-cristina-bonadio-se-jubila","status":"publish","type":"post","link":"https:\/\/www.actualidadadiario.com\/index.php\/2017\/12\/08\/despues-de-la-avanzada-judicial-contra-cristina-bonadio-se-jubila\/","title":{"rendered":"Despu\u00e9s de la avanzada judicial contra Cristina, Bonadio se jubila"},"content":{"rendered":"<p><em><strong>El pol\u00e9mico juez inici\u00f3 el tr\u00e1mite en noviembre, apenas unos d\u00edas antes del fallo contra la senadora y exfuncionarios. Comenzar\u00e1 a percibir el cobro de haberes previsionales a partir del 1ro de enero del 2018<\/strong><\/em><\/p>\n<p>&nbsp;<\/p>\n<p>&nbsp;<\/p>\n<p>&nbsp;<\/p>\n<p>El juez Claudio Bonadio, que este lunes orden\u00f3 el desafuero de la senadora Cristina Fern\u00e1ndez de Kirchner y la detenci\u00f3n, sin condena, de exfuncionarios, se jubilar\u00e1 dentro de un mes.<\/p>\n<p>&nbsp;<\/p>\n<p>El pol\u00e9mico magistrado tiene 60 a\u00f1os y 42 de aportes, e inici\u00f3 el tr\u00e1mite en noviembre. Seg\u00fan trascendi\u00f3, el pedido ya fue aceptado, con lo que comenzar\u00e1 a cobrar su jubilaci\u00f3n el 1ro de enero del 2018.<\/p>\n<p>&nbsp;<\/p>\n<p>Bonadio tiene por el momento a su cargo la causa que investiga la denuncia del fallecido fiscal Alberto Nisman contra la expresidenta por presunto encubrimiento de los iran\u00edes imputados por el atentado a la AMIA, a ra\u00edz de un memor\u00e1ndum sancionado en el Congreso y que nunca entr\u00f3 en vigencia.<\/p>\n","protected":false},"excerpt":{"rendered":"<p>El pol\u00e9mico juez inici\u00f3 el tr\u00e1mite en noviembre, apenas unos d\u00edas antes del fallo contra la senadora y exfuncionarios. Comenzar\u00e1 a percibir el cobro de haberes previsionales a partir del 1ro de enero del 2018 &nbsp; &nbsp; &nbsp; El juez Claudio Bonadio, que este lunes orden\u00f3 el desafuero de la senadora Cristina Fern\u00e1ndez de Kirchner y la detenci\u00f3n, sin condena, de exfuncionarios, se jubilar\u00e1 dentro de un mes. &nbsp; El pol\u00e9mico magistrado tiene 60 a\u00f1os y 42 de aportes, e inici\u00f3 el tr\u00e1mite en noviembre. Seg\u00fan trascendi\u00f3, el pedido ya&#8230;<\/p>\n","protected":false},"author":3,"featured_media":21286,"comment_status":"closed","ping_status":"closed","sticky":false,"template":"","format":"standard","meta":[],"categories":[18],"tags":[],"_links":{"self":[{"href":"https:\/\/www.actualidadadiario.com\/index.php\/wp-json\/wp\/v2\/posts\/21285"}],"collection":[{"href":"https:\/\/www.actualidadadiario.com\/index.php\/wp-json\/wp\/v2\/posts"}],"about":[{"href":"https:\/\/www.actualidadadiario.com\/index.php\/wp-json\/wp\/v2\/types\/post"}],"author":[{"embeddable":true,"href":"https:\/\/www.actualidadadiario.com\/index.php\/wp-json\/wp\/v2\/users\/3"}],"replies":[{"embeddable":true,"href":"https:\/\/www.actualidadadiario.com\/index.php\/wp-json\/wp\/v2\/comments?post=21285"}],"version-history":[{"count":1,"href":"https:\/\/www.actualidadadiario.com\/index.php\/wp-json\/wp\/v2\/posts\/21285\/revisions"}],"predecessor-version":[{"id":21287,"href":"https:\/\/www.actualidadadiario.com\/index.php\/wp-json\/wp\/v2\/posts\/21285\/revisions\/21287"}],"wp:featuredmedia":[{"embeddable":true,"href":"https:\/\/www.actualidadadiario.com\/index.php\/wp-json\/wp\/v2\/media\/21286"}],"wp:attachment":[{"href":"https:\/\/www.actualidadadiario.com\/index.php\/wp-json\/wp\/v2\/media?parent=21285"}],"wp:term":[{"taxonomy":"category","embeddable":true,"href":"https:\/\/www.actualidadadiario.com\/index.php\/wp-json\/wp\/v2\/categories?post=21285"},{"taxonomy":"post_tag","embeddable":true,"href":"https:\/\/www.actualidadadiario.com\/index.php\/wp-json\/wp\/v2\/tags?post=21285"}],"curies":[{"name":"wp","href":"https:\/\/api.w.org\/{rel}","templated":true}]}}