{"id":21282,"date":"2017-12-08T10:47:38","date_gmt":"2017-12-08T13:47:38","guid":{"rendered":"http:\/\/actualidadadiario.com\/site\/?p=21282"},"modified":"2017-12-08T10:47:38","modified_gmt":"2017-12-08T13:47:38","slug":"cristina-es-una-causa-inventada-con-hechos-que-no-existieron","status":"publish","type":"post","link":"https:\/\/www.actualidadadiario.com\/index.php\/2017\/12\/08\/cristina-es-una-causa-inventada-con-hechos-que-no-existieron\/","title":{"rendered":"Cristina: &#8220;Es una causa inventada con hechos que no existieron&#8221;"},"content":{"rendered":"<p><em><b>En conferencia de prensa, la ex presidenta\u00a0cuestion\u00f3 la decisi\u00f3n judicial que la involucra y apunt\u00f3 contra el Gobierno<\/b><\/em><\/p>\n<p>&nbsp;<\/p>\n<p>&nbsp;<\/p>\n<p>&nbsp;<\/p>\n<p>Cristina Fern\u00e1ndez de Kirchner brind\u00f3 una conferencia de prensa en el Congreso en la tarde del jueves, en la que responsabiliz\u00f3 al gobierno nacional que encabeza Mauricio Macri por el fallo de Claudio Bonadio, que esta ma\u00f1ana la proces\u00f3 (junto a varios de sus exfuncionarios) y pidi\u00f3 su desafuero por presunto encubrimiento del atentado de la AMIA.<\/p>\n<p>&nbsp;<\/p>\n<p>&#8220;Quiero agradecer a todos aquellos y aquellas que sin formar parte de nuestro espacio pol\u00edtico se han solidarizado. A los partidos de izquierda y a sus legisladoes. A los compa\u00f1eros de nuestro partido, del peronismo&#8221;, comenz\u00f3 la expresidenta su alocuci\u00f3n.<\/p>\n<p>&nbsp;<\/p>\n<p>Hugo Yasky, Leopoldo Moreau, Juli\u00e1n Dom\u00ednguez, Ver\u00f3nica Magario, Fernando Espinoza, Daniel Scioli, Mart\u00edn Sabatella, Taiana, Andr\u00e9s Larroque, Carlos Tomada, An\u00edbal Ibarra, Jorge Ferraresi, Diana Conti, Agust\u00edn Rossi y Jos\u00e9 Luis Gioja fueron algunos de los dirigentes que rodearon a la expresidenta mientras hablaba.<\/p>\n<p>&nbsp;<\/p>\n<p>La senadora nacional argument\u00f3 que el memor\u00e1ndum firmado con Ir\u00e1n en 2013, punto clave de la denuncia por encubrimiento, &#8220;se trata de un acto de pol\u00edtica exterior no judiciable, que adem\u00e1s mereci\u00f3 el tratamiento y la aprobaci\u00f3n del parlamento argentino&#8221;. Luego afirm\u00f3 que la denuncia se sustenta en &#8220;hechos que nunca se produjeron, que no tuvieron lugar, que no existieron&#8221;.<\/p>\n<p>&nbsp;<\/p>\n<p>CFK denunci\u00f3: &#8220;Es una causa inventada con hechos que no existieron. Es un desprop\u00f3sito, un exceso. Violan el estado de derecho. Buscan provocar da\u00f1o personal y pol\u00edtico a los opositores. No tiene que ver con la democracia. No hay delito, no hay causa. Bonadio lo sabe. El gobierno lo sabe. El presidente Macri tambi\u00e9n lo sabe&#8221;.<\/p>\n<p>&nbsp;<\/p>\n<p>&#8220;Bonadio sostiene que los dos atentados terroristas son actos de guerra, no son atentados terroristas, porque es la \u00fanica manera que encontr\u00f3 en su mundo jur\u00eddico para poder traer de los pelos la figura de traici\u00f3n a la patria, que solamente puede producirse con motivo de que nuestro pa\u00eds se encuentre en guerra. Entonces, asimila dos atentados terroristas, de la Embajada (de Israel) y de la AMIA, como actos de guerra&#8221;, plante\u00f3.<\/p>\n<p>&nbsp;<\/p>\n<p>Cristina luego apunt\u00f3 contra el Gobierno, a pesar de que desde el oficialismo se despegaron de la decisi\u00f3n judicial: &#8220;Esto nos lleva a afirmar que siguen adelante en estas maniobras in\u00e9ditas de persecuci\u00f3n de la oposici\u00f3n. Hostigamiento y humillaci\u00f3n, que violan el estado de derecho y la democracia. Estas medidas degradan a\u00fan m\u00e1s a la justicia argentina. Y se\u00f1alan a Macri como el verdadero responsable de una organizaci\u00f3n pol\u00edtica y judicial para perseguir a la oposici\u00f3n&#8221;.<\/p>\n<p>&nbsp;<\/p>\n<p>&#8220;El cronograma judicial y medi\u00e1tico -apoyado por los troll center del Gobierno, que pagamos todos- es planificado y obsceno. Esta madrugada, en R\u00edo Gallegos, cuando se produjo la detenci\u00f3n de Zannini, a las 2.30 de la ma\u00f1ana, no solamente hab\u00eda c\u00e1maras de TV sino que se desat\u00f3 una actividad en las redes sobre esta cuesti\u00f3n. Esto se puede ver claramente. Si uno mira lo que fue la difusi\u00f3n de redes va a ver c\u00f3mo se iban agrandando los temas de reforma laboral y el saqueo a los jubilados, tarifas, precios; y de repente todo el escenario medi\u00e1tico y de redes es copado por esta noticia. Este es el manejo de recursos del Estado en los medios y las redes para perseguir y disciplinar a la oposici\u00f3n&#8221;, denunci\u00f3.<\/p>\n<p>&nbsp;<\/p>\n<p>La expresidenta volvi\u00f3 a cargar contra su sucesor: &#8220;Mauricio Macri es el director de la orquesta y Bonadio ejecuta la partitura judicial. Esto es una gran cortina de humo, que pretende cuatro acciones. Primero la de intimidar a la poblaci\u00f3n. Asustar a la dirigencia pol\u00edtica, social, sindical con el Poder Judicial. A la gente en la calle con la Gendarmer\u00eda, como hemos visto en los \u00faltimos tiempos lamentablemente. Asustar para disciplinar. En un momento en el cual se est\u00e1n debatiendo en el Congreso normas que van a impactar en el ahora y futuro de los trabajadores que ser\u00e1n jubilados. Tapar tambi\u00e9n el hecho de que se est\u00e1 fracasando en las pol\u00edticas econ\u00f3micas del gobierno. Este diciembre viene con aumentos de luz y de gas. El precio de los supermercados, la reforma previsional, la inflaci\u00f3n que los propios economistas que afirman que ser\u00e1 un record y va a marcar una importante inflexi\u00f3n en esto que estamos viviendo gran parte de los argentinos. Intimidar, asustar, tapar y provocar. Porque ac\u00e1 tambi\u00e9n hay una maniobra clara de provocaci\u00f3n. Buscan una reacci\u00f3n pol\u00edtica que tal vez pudiera ser utilizada para construir enemigos internos. Y tambi\u00e9n no quieren que nuestra voz este en el Senado&#8221;, afirm\u00f3.<\/p>\n<p>&nbsp;<\/p>\n<p>Cristina luego solicit\u00f3 &#8220;a todos los compa\u00f1eros y compa\u00f1eras que integran el peronismo&#8221; y &#8220;a los que no fueran parte de \u00e9l pero no quieran que la variable de ajuste sean los trabajadores&#8221;, que se pronuncien contra las reformas que impulsa el oficialismo.<\/p>\n<p>&nbsp;<\/p>\n<p>Ante las preguntas de la prensa, la legisladora adelant\u00f3 que &#8220;posiblemente&#8221; recurran &#8220;a un tribunal internacional&#8221; para apelar el fallo. &#8220;Adem\u00e1s de ser un disparate jur\u00eddico, estamos ante un hecho de pol\u00edtica exterior&#8221;, reiter\u00f3. Y volvi\u00f3 a defender el pacto con Ir\u00e1n: &#8220;Lo que realmente se acord\u00f3 fue precisamente lograr que a quienes estaban acusados se les pudiera tomar declaraci\u00f3n indagatoria&#8221;. &#8220;Tiene 23 a\u00f1os la causa y est\u00e1 paralizada porque Ir\u00e1n no extraditaba. No hab\u00eda ning\u00fan detenido por la causa&#8221;, argument\u00f3 sobre el expediente de la AMIA.<\/p>\n<p>&nbsp;<\/p>\n<p>Consultada sobre supuestas \u00f3rdenes secretas para levantar las alertas rojas contra los acusados iran\u00edes, la l\u00edder de Unidad Ciudadana brome\u00f3: &#8220;\u00bfQu\u00e9 ser\u00eda una orden secreta? \u00bfDec\u00edrselo al o\u00eddo? No hay \u00f3rdenes secretas, no se conoce esta categor\u00eda. Ese tema es m\u00e1s para las series de Netflix&#8221;.<\/p>\n<p>&nbsp;<\/p>\n<p>El juez federal Claudio Bonadio dict\u00f3 esta ma\u00f1ana el procesamiento con prisi\u00f3n preventiva, previo desafuero como senadora, de la expresidenta. El magistrado bas\u00f3 su pedido de detenci\u00f3n en que considera que debido a sus contactos la ex jefa de Estado podr\u00eda &#8220;entorpecer la causa&#8221;.<\/p>\n<p>&nbsp;<\/p>\n<p>Bonadio investiga un presunto encubrimiento del atentado a la AMIA, ocurrido el 18 de julio de 1994, en el que murieron al menos 85 personas con cientos de heridos. La causa surge de una denuncia del fallecido fiscal Alberto Nisman en torno al memor\u00e1ndum de entendimiento firmado con Ir\u00e1n en 2013.<\/p>\n","protected":false},"excerpt":{"rendered":"<p>En conferencia de prensa, la ex presidenta\u00a0cuestion\u00f3 la decisi\u00f3n judicial que la involucra y apunt\u00f3 contra el Gobierno &nbsp; &nbsp; &nbsp; Cristina Fern\u00e1ndez de Kirchner brind\u00f3 una conferencia de prensa en el Congreso en la tarde del jueves, en la que responsabiliz\u00f3 al gobierno nacional que encabeza Mauricio Macri por el fallo de Claudio Bonadio, que esta ma\u00f1ana la proces\u00f3 (junto a varios de sus exfuncionarios) y pidi\u00f3 su desafuero por presunto encubrimiento del atentado de la AMIA. &nbsp; &#8220;Quiero agradecer a todos aquellos y aquellas que sin formar parte&#8230;<\/p>\n","protected":false},"author":3,"featured_media":21283,"comment_status":"closed","ping_status":"closed","sticky":false,"template":"","format":"standard","meta":[],"categories":[9,18],"tags":[],"_links":{"self":[{"href":"https:\/\/www.actualidadadiario.com\/index.php\/wp-json\/wp\/v2\/posts\/21282"}],"collection":[{"href":"https:\/\/www.actualidadadiario.com\/index.php\/wp-json\/wp\/v2\/posts"}],"about":[{"href":"https:\/\/www.actualidadadiario.com\/index.php\/wp-json\/wp\/v2\/types\/post"}],"author":[{"embeddable":true,"href":"https:\/\/www.actualidadadiario.com\/index.php\/wp-json\/wp\/v2\/users\/3"}],"replies":[{"embeddable":true,"href":"https:\/\/www.actualidadadiario.com\/index.php\/wp-json\/wp\/v2\/comments?post=21282"}],"version-history":[{"count":1,"href":"https:\/\/www.actualidadadiario.com\/index.php\/wp-json\/wp\/v2\/posts\/21282\/revisions"}],"predecessor-version":[{"id":21284,"href":"https:\/\/www.actualidadadiario.com\/index.php\/wp-json\/wp\/v2\/posts\/21282\/revisions\/21284"}],"wp:featuredmedia":[{"embeddable":true,"href":"https:\/\/www.actualidadadiario.com\/index.php\/wp-json\/wp\/v2\/media\/21283"}],"wp:attachment":[{"href":"https:\/\/www.actualidadadiario.com\/index.php\/wp-json\/wp\/v2\/media?parent=21282"}],"wp:term":[{"taxonomy":"category","embeddable":true,"href":"https:\/\/www.actualidadadiario.com\/index.php\/wp-json\/wp\/v2\/categories?post=21282"},{"taxonomy":"post_tag","embeddable":true,"href":"https:\/\/www.actualidadadiario.com\/index.php\/wp-json\/wp\/v2\/tags?post=21282"}],"curies":[{"name":"wp","href":"https:\/\/api.w.org\/{rel}","templated":true}]}}