{"id":21279,"date":"2017-12-08T10:46:04","date_gmt":"2017-12-08T13:46:04","guid":{"rendered":"http:\/\/actualidadadiario.com\/site\/?p=21279"},"modified":"2017-12-08T10:46:04","modified_gmt":"2017-12-08T13:46:04","slug":"pichetto-anticipo-que-el-bloque-justicialista-no-respaldara-el-pedido-de-desafuero","status":"publish","type":"post","link":"https:\/\/www.actualidadadiario.com\/index.php\/2017\/12\/08\/pichetto-anticipo-que-el-bloque-justicialista-no-respaldara-el-pedido-de-desafuero\/","title":{"rendered":"Pichetto anticip\u00f3 que el bloque justicialista no respaldar\u00e1 el pedido de desafuero"},"content":{"rendered":"<p><em><b>El pedido contra la inmunidad parlamentaria de la ex presidenta\u00a0por el supuesto encubrimiento del atentado a la AMIA ingres\u00f3 esta tarde al Senado. El jefe del bloque justicialista asegur\u00f3 que s\u00f3lo podr\u00eda avanzar el desafuero &#8220;ante sentencia firme&#8221;<\/b><\/em><\/p>\n<p>&nbsp;<\/p>\n<p>&nbsp;<\/p>\n<p>&nbsp;<\/p>\n<p>&nbsp;<\/p>\n<p>El juez Cladio Bonadio emiti\u00f3 el pedido de desafuero de Cristina Fern\u00e1ndez de Kirchner, imputada y embargada por el delito de traici\u00f3n a la patria en la causa por el encubrimiento del atentado a la AMIA, y el requerimiento ingres\u00f3 esta tarde a la C\u00e1mara de Senadores de la Naci\u00f3n.<\/p>\n<p>&nbsp;<\/p>\n<p>El jefe del bloque justicialista del Senado, Miguel \u00c1ngel Pichetto, asegur\u00f3 ante medios acreditados en el Congreso que la medida no es procedente, mientras que admiti\u00f3 que deber\u00e1 analizarlo la comisi\u00f3n de Asuntos Constitucionales, cuya pr\u00f3xima reuni\u00f3n ser\u00e1 en febrero o marzo.<\/p>\n<p>&nbsp;<\/p>\n<p>&#8220;La gran mayor\u00eda opina que no procede el desafuero&#8221;, expres\u00f3 Pichetto seg\u00fan reprodujo Infonews. &#8220;El principio judicial de que el desafuero de un senador o diputado procede ante sentencia firme&#8221;, destac\u00f3 al tiempo que descart\u00f3 el tratamiento inmediato por ya haber finalizado el &#8220;per\u00edodo de sesiones ordinarias&#8221;.<\/p>\n<p>&nbsp;<\/p>\n<p>Pichetto record\u00f3 que la exmandataria &#8220;siempre estuvo a disposici\u00f3n de los requerimientos judiciales&#8221; y que &#8220;no hay peligro de que entorpezca la investigaci\u00f3n de la causa&#8221;.<\/p>\n<p>&nbsp;<\/p>\n<p>&#8220;En esta etapa procesal no hay impedimento para que la Justicia contin\u00fae con sus averiguaciones&#8221;, asegur\u00f3 Pichetto mientras describi\u00f3 la maniobra judicial como &#8220;de naturaleza pol\u00edtica&#8221;.<\/p>\n<p>&nbsp;<\/p>\n<p>&#8220;Este tema es competencia de la comisi\u00f3n de Asuntos Constitucionales que constituiremos en febrero o marzo y, entonces, nos abocaremos responsablemente&#8221;, finaliz\u00f3.<\/p>\n","protected":false},"excerpt":{"rendered":"<p>El pedido contra la inmunidad parlamentaria de la ex presidenta\u00a0por el supuesto encubrimiento del atentado a la AMIA ingres\u00f3 esta tarde al Senado. El jefe del bloque justicialista asegur\u00f3 que s\u00f3lo podr\u00eda avanzar el desafuero &#8220;ante sentencia firme&#8221; &nbsp; &nbsp; &nbsp; &nbsp; El juez Cladio Bonadio emiti\u00f3 el pedido de desafuero de Cristina Fern\u00e1ndez de Kirchner, imputada y embargada por el delito de traici\u00f3n a la patria en la causa por el encubrimiento del atentado a la AMIA, y el requerimiento ingres\u00f3 esta tarde a la C\u00e1mara de Senadores de&#8230;<\/p>\n","protected":false},"author":3,"featured_media":21280,"comment_status":"closed","ping_status":"closed","sticky":false,"template":"","format":"standard","meta":[],"categories":[9,18],"tags":[],"_links":{"self":[{"href":"https:\/\/www.actualidadadiario.com\/index.php\/wp-json\/wp\/v2\/posts\/21279"}],"collection":[{"href":"https:\/\/www.actualidadadiario.com\/index.php\/wp-json\/wp\/v2\/posts"}],"about":[{"href":"https:\/\/www.actualidadadiario.com\/index.php\/wp-json\/wp\/v2\/types\/post"}],"author":[{"embeddable":true,"href":"https:\/\/www.actualidadadiario.com\/index.php\/wp-json\/wp\/v2\/users\/3"}],"replies":[{"embeddable":true,"href":"https:\/\/www.actualidadadiario.com\/index.php\/wp-json\/wp\/v2\/comments?post=21279"}],"version-history":[{"count":1,"href":"https:\/\/www.actualidadadiario.com\/index.php\/wp-json\/wp\/v2\/posts\/21279\/revisions"}],"predecessor-version":[{"id":21281,"href":"https:\/\/www.actualidadadiario.com\/index.php\/wp-json\/wp\/v2\/posts\/21279\/revisions\/21281"}],"wp:featuredmedia":[{"embeddable":true,"href":"https:\/\/www.actualidadadiario.com\/index.php\/wp-json\/wp\/v2\/media\/21280"}],"wp:attachment":[{"href":"https:\/\/www.actualidadadiario.com\/index.php\/wp-json\/wp\/v2\/media?parent=21279"}],"wp:term":[{"taxonomy":"category","embeddable":true,"href":"https:\/\/www.actualidadadiario.com\/index.php\/wp-json\/wp\/v2\/categories?post=21279"},{"taxonomy":"post_tag","embeddable":true,"href":"https:\/\/www.actualidadadiario.com\/index.php\/wp-json\/wp\/v2\/tags?post=21279"}],"curies":[{"name":"wp","href":"https:\/\/api.w.org\/{rel}","templated":true}]}}