{"id":21242,"date":"2017-12-08T10:32:14","date_gmt":"2017-12-08T13:32:14","guid":{"rendered":"http:\/\/actualidadadiario.com\/site\/?p=21242"},"modified":"2017-12-08T10:32:14","modified_gmt":"2017-12-08T13:32:14","slug":"el-gobierno-establecio-una-mesa-de-dialogo-con-la-cgt","status":"publish","type":"post","link":"https:\/\/www.actualidadadiario.com\/index.php\/2017\/12\/08\/el-gobierno-establecio-una-mesa-de-dialogo-con-la-cgt\/","title":{"rendered":"El gobierno estableci\u00f3 una mesa de di\u00e1logo con la CGT"},"content":{"rendered":"<p><em><strong>La ministra de Gobierno y Justicia, Rosario Romero, recibi\u00f3 este jueves a la Confederaci\u00f3n General del Trabajo (CGT), regional Paran\u00e1. En el Sal\u00f3n de los Gobernadores, con la presencia de m\u00e1s de 20 representantes de los trabajadores, se acord\u00f3 conformar una mesa de di\u00e1logo de cara al 2018<\/strong><\/em><\/p>\n<p>&nbsp;<\/p>\n<p>&nbsp;<\/p>\n<p>&nbsp;<\/p>\n<p>&nbsp;<\/p>\n<p>La ministra de Gobierno y Justicia propuso conformar una mesa de trabajo de cara al 2018 sobre temas que competen a la provincia.<\/p>\n<p>&nbsp;<\/p>\n<p>Al t\u00e9rmino de la reuni\u00f3n, Romero indic\u00f3: \u201cLos temas abordaros fueron la reforma laboral, la reforma previsional, la adhesi\u00f3n a la ley nacional que modific\u00f3 el sistema de ART, estableciendo comisiones m\u00e9dicas y un tr\u00e1mite previo al tr\u00e1mite judicial; hubo un intercambio interesante sobre cuestiones en general que competen a la realidad de los trabajadores de la provincia, inquietudes y sugerencias que considero muy valiosas\u201d.<\/p>\n<p>&nbsp;<\/p>\n<p>\u201cMe pareci\u00f3 un buen \u00e1mbito de encuentro, en el que compatibilizamos ideas; en otras no nos pusimos de acuerdo, pero igualmente el saldo es enormemente favorable, quedamos en establecer un di\u00e1logo permanente, una mesa de trabajo sobre ciertos temas, sobre todo en los que la provincia puede tomar decisiones. As\u00ed que ya nos trazamos un objetivo de una pr\u00f3xima reuni\u00f3n en enero y otra en febrero\u201d, anunci\u00f3 la ministra.<\/p>\n<p>&nbsp;<\/p>\n<p>Consultada por las inquietudes planteadas por los sindicatos, se\u00f1al\u00f3: \u201cSon en torno a las obras sociales que manejan, la reforma previsional que tiene media sanci\u00f3n en el Senado de la Naci\u00f3n en las cuales ellos sugieren hacer algunas modificaciones en Diputados. Son temas que parcialmente competen a la provincia pero que exceden el marco de las decisiones. En todo lo que haga a las decisiones provinciales vamos a trabajar conjuntamente\u201d, reiter\u00f3.<\/p>\n<p>&nbsp;<\/p>\n<p>Por su parte, el representante del sindicato de Camioneros, Jorge Avalos, y uno de los dirigentes que encabeza el triunvirato de la CGT Paran\u00e1, manifest\u00f3: \u201cEstuvimos esperando con mucha ansiedad esta reuni\u00f3n. Despu\u00e9s de varias notas presentadas pidiendo audiencia con el gobernador llega la posibilidad de reunirnos con la ministra. Esperamos que se cumpla con todo lo que pedimos ya que es de car\u00e1cter urgente y de necesidad para llevar respuesta a nuestros afiliados. Es de mucha preocupaci\u00f3n las decisiones que se est\u00e1n tomando a nivel nacional y algunas que se han llevado adelante desde el gobierno provincial\u201d.<\/p>\n<p>&nbsp;<\/p>\n<p>\u201cConsideramos que esta convocatoria acerca posiciones como para plantear la situaci\u00f3n de los trabajadores que son los que est\u00e1n m\u00e1s preocupados. Nuestra intenci\u00f3n es colaborar con la gobernaci\u00f3n y los derechos de todos los entrerrianos, y con ese objetivo conformamos una reuni\u00f3n a futuro con la ministra para el mes de enero\u201d, explic\u00f3 H\u00e9ctor Coronel, del Sindicato Personal No docente de la UNER.<\/p>\n<p>&nbsp;<\/p>\n<p>Estuvieron presentes junto a la ministra de Gobierno, el triunvirato de la CGT, constituido por Dragado y Balizamiento, Camioneros y Uocra, y los representantes de los gremios Uni\u00f3n Docente Argentinos (UDA); Asociaci\u00f3n Bancaria; Asociaci\u00f3n Personal Universidad Nacional de Entre R\u00edos (Apuner); Sindicato Telef\u00f3nico (Soeesiter); la Uni\u00f3n de Trabajadores del Instituto Nacional de Servicios Sociales para Jubilados y Pensionados (Uti-Pami); Sindicato de Choferes de Remises de Entre R\u00edos; Asociaci\u00f3n Argentina de Trabajo de las Comunicaciones; Sindicato de Empleados de Comercio Paran\u00e1; Asociaci\u00f3n de Empleados Fiscales e Ingresos P\u00fablicos (Aefip); Sindicato de Camioneros; Uni\u00f3n de Trabajadores de Entidades Deportivas y Civiles (Utedyc); Asociaci\u00f3n de Trabajadores de Sanidad Argentina (Atsa) Entre R\u00edos; Sindicato del Personal de Obras Sanitarias de la Provincia de Entre R\u00edos (S.P.O.S.E.R.); Sindicato de la Madera Paran\u00e1; Uni\u00f3n Obrera de la Construcci\u00f3n de la Rep\u00fablica Argentina (Uocra) Paran\u00e1; Asociaci\u00f3n del Magisterio de Ense\u00f1anza T\u00e9cnica (AMET); y el Sindicato de Mec\u00e1nico y Afines del Transporte Automotor (Smata).<\/p>\n","protected":false},"excerpt":{"rendered":"<p>La ministra de Gobierno y Justicia, Rosario Romero, recibi\u00f3 este jueves a la Confederaci\u00f3n General del Trabajo (CGT), regional Paran\u00e1. En el Sal\u00f3n de los Gobernadores, con la presencia de m\u00e1s de 20 representantes de los trabajadores, se acord\u00f3 conformar una mesa de di\u00e1logo de cara al 2018 &nbsp; &nbsp; &nbsp; &nbsp; La ministra de Gobierno y Justicia propuso conformar una mesa de trabajo de cara al 2018 sobre temas que competen a la provincia. &nbsp; Al t\u00e9rmino de la reuni\u00f3n, Romero indic\u00f3: \u201cLos temas abordaros fueron la reforma laboral,&#8230;<\/p>\n","protected":false},"author":3,"featured_media":21243,"comment_status":"closed","ping_status":"closed","sticky":false,"template":"","format":"standard","meta":[],"categories":[15],"tags":[],"_links":{"self":[{"href":"https:\/\/www.actualidadadiario.com\/index.php\/wp-json\/wp\/v2\/posts\/21242"}],"collection":[{"href":"https:\/\/www.actualidadadiario.com\/index.php\/wp-json\/wp\/v2\/posts"}],"about":[{"href":"https:\/\/www.actualidadadiario.com\/index.php\/wp-json\/wp\/v2\/types\/post"}],"author":[{"embeddable":true,"href":"https:\/\/www.actualidadadiario.com\/index.php\/wp-json\/wp\/v2\/users\/3"}],"replies":[{"embeddable":true,"href":"https:\/\/www.actualidadadiario.com\/index.php\/wp-json\/wp\/v2\/comments?post=21242"}],"version-history":[{"count":1,"href":"https:\/\/www.actualidadadiario.com\/index.php\/wp-json\/wp\/v2\/posts\/21242\/revisions"}],"predecessor-version":[{"id":21244,"href":"https:\/\/www.actualidadadiario.com\/index.php\/wp-json\/wp\/v2\/posts\/21242\/revisions\/21244"}],"wp:featuredmedia":[{"embeddable":true,"href":"https:\/\/www.actualidadadiario.com\/index.php\/wp-json\/wp\/v2\/media\/21243"}],"wp:attachment":[{"href":"https:\/\/www.actualidadadiario.com\/index.php\/wp-json\/wp\/v2\/media?parent=21242"}],"wp:term":[{"taxonomy":"category","embeddable":true,"href":"https:\/\/www.actualidadadiario.com\/index.php\/wp-json\/wp\/v2\/categories?post=21242"},{"taxonomy":"post_tag","embeddable":true,"href":"https:\/\/www.actualidadadiario.com\/index.php\/wp-json\/wp\/v2\/tags?post=21242"}],"curies":[{"name":"wp","href":"https:\/\/api.w.org\/{rel}","templated":true}]}}