{"id":21239,"date":"2017-12-08T10:31:27","date_gmt":"2017-12-08T13:31:27","guid":{"rendered":"http:\/\/actualidadadiario.com\/site\/?p=21239"},"modified":"2017-12-08T10:31:27","modified_gmt":"2017-12-08T13:31:27","slug":"iosper-y-femer-firmaron-un-nuevo-convenio-de-prestaciones-medicas","status":"publish","type":"post","link":"https:\/\/www.actualidadadiario.com\/index.php\/2017\/12\/08\/iosper-y-femer-firmaron-un-nuevo-convenio-de-prestaciones-medicas\/","title":{"rendered":"Iosper y Femer firmaron un nuevo convenio de prestaciones m\u00e9dicas"},"content":{"rendered":"<p><em><strong>El Instituto Obra Social de Entre R\u00edos (Iosper) firm\u00f3 con la Federaci\u00f3n M\u00e9dica de Entre R\u00edos (Femer), un nuevo convenio de prestaciones. \u201cEl acuerdo defiende intereses que tiene que ver con la salud y el resguardo de los afiliados\u201d, dijo el presidente del directorio, Fernando Ca\u00f1ete<\/strong><\/em><\/p>\n<p>&nbsp;<\/p>\n<p>&nbsp;<\/p>\n<p>&nbsp;<\/p>\n<p>El convenio implica la cobertura de servicios m\u00e9dico-asistenciales, para la atenci\u00f3n de la salud de un promedio de 270.000 afiliados al Iosper, entendiendo que la atenci\u00f3n configura un bien social, y no finalidad de lucro.<\/p>\n<p>&nbsp;<\/p>\n<p>Este acuerdo \u201ces producto del esfuerzo y el trabajo que se realiz\u00f3 durante ocho meses entre asesores, directores y empleados de la obra social y de Femer\u201d, destac\u00f3 Ca\u00f1ete, quien remarc\u00f3 que las partes pensaron en sus representados, ya que lo pactado \u201ccontiene las expresiones de los dos sectores: tanto de la Femer como del Iosper, defendiendo intereses que tiene que ver con la salud, la poblaci\u00f3n entrerriana y el resguardo de los afiliados de la obra social\u201d.<\/p>\n<p>&nbsp;<\/p>\n<p>En ese marco, Ca\u00f1ete resalt\u00f3 que Femer \u201casumi\u00f3 el compromiso de trasmitir y transferir a todos sus representados que la prescripci\u00f3n de medicamentos se haga por mono-droga, por lo que se sacar\u00e1 y despejar\u00e1 el nombre comercial; y, tambi\u00e9n, defender\u00e1 a los profesionales entrerrianos, por lo que las derivaciones a centro de alta complejidad deber\u00e1n ser m\u00e9dicas, pero el destino lo definir\u00e1 la obra social, por lo que se defender\u00e1n los recursos de la obra social y significar\u00e1 una mejora para la Asociaci\u00f3n de Cl\u00ednicas y Sanatorios porque Iosper, muchas veces por la disposici\u00f3n de un facultativo, ten\u00eda que derivar a un centro de alta complejidad espec\u00edfico cuando se puede resolver en la provincia\u201d.<\/p>\n<p>&nbsp;<\/p>\n<p>Por su parte, explic\u00f3 que Iosper \u201cse comprometi\u00f3 a cumplir con cada uno de los articulados, fundamentalmente, con el convenio prestacional que es capitado; con los recursos de la obra social destinados a afrontar toda la cobertura que brinda la Femer\u201d, por lo que se definieron d\u00edas de presentaci\u00f3n de la facturaci\u00f3n y de pagos, que deber\u00e1 cumplir la obra social.<\/p>\n<p>&nbsp;<\/p>\n<p>\u201cLas dos partes hicieron esfuerzos defendiendo el v\u00ednculo y preservando una muy buena prestaci\u00f3n de servicios para los afiliados y la com\u00fan uni\u00f3n en defensa de la salud p\u00fablica de Entre R\u00edos\u201d, destac\u00f3 el presidente del Directorio de Iosper.<\/p>\n<p>&nbsp;<\/p>\n<p>&nbsp;<\/p>\n<p><strong>El nuevo convenio \u201ces la piedra fundamental para ir modernizando los acuerdos\u201d<\/strong><\/p>\n<p>Por su parte, el presidente de Femer, Rodolfo Nery, destac\u00f3 que \u201ccontrariamente a otras \u00e9pocas esta vez la discusi\u00f3n no fue monetaria sino t\u00e9cnica en la que se logr\u00f3 dar un giro a estos convenios que ten\u00edan cl\u00e1usulas \u2018arcaicas\u2019, que no coincid\u00edan con la realidad y la atenci\u00f3n m\u00e9dica como viene evolucionando\u201d.<\/p>\n<p>&nbsp;<\/p>\n<p>En ese sentido, el m\u00e9dico consider\u00f3 que el nuevo convenio es la piedra fundamental para ir modernizando los acuerdos, ya que contempla \u201ccuestiones que hacen a agilizar los tr\u00e1mites y la seguridad del cobro\u201d.<\/p>\n<p>&nbsp;<\/p>\n<p>\u201cSolamente esperemos que podamos seguir trabajando con las comisiones, ya que esto comienza una etapa que esperemos que no tenga ning\u00fan sobre salto, fundamentalmente, a las cuestiones que tiene que ver con los costos en medicamentos y el tema de las prestaciones que se puedan plasmar todas en el convenio\u201d, dijo Nery.<\/p>\n","protected":false},"excerpt":{"rendered":"<p>El Instituto Obra Social de Entre R\u00edos (Iosper) firm\u00f3 con la Federaci\u00f3n M\u00e9dica de Entre R\u00edos (Femer), un nuevo convenio de prestaciones. \u201cEl acuerdo defiende intereses que tiene que ver con la salud y el resguardo de los afiliados\u201d, dijo el presidente del directorio, Fernando Ca\u00f1ete &nbsp; &nbsp; &nbsp; El convenio implica la cobertura de servicios m\u00e9dico-asistenciales, para la atenci\u00f3n de la salud de un promedio de 270.000 afiliados al Iosper, entendiendo que la atenci\u00f3n configura un bien social, y no finalidad de lucro. &nbsp; Este acuerdo \u201ces producto del&#8230;<\/p>\n","protected":false},"author":3,"featured_media":21240,"comment_status":"closed","ping_status":"closed","sticky":false,"template":"","format":"standard","meta":[],"categories":[15],"tags":[],"_links":{"self":[{"href":"https:\/\/www.actualidadadiario.com\/index.php\/wp-json\/wp\/v2\/posts\/21239"}],"collection":[{"href":"https:\/\/www.actualidadadiario.com\/index.php\/wp-json\/wp\/v2\/posts"}],"about":[{"href":"https:\/\/www.actualidadadiario.com\/index.php\/wp-json\/wp\/v2\/types\/post"}],"author":[{"embeddable":true,"href":"https:\/\/www.actualidadadiario.com\/index.php\/wp-json\/wp\/v2\/users\/3"}],"replies":[{"embeddable":true,"href":"https:\/\/www.actualidadadiario.com\/index.php\/wp-json\/wp\/v2\/comments?post=21239"}],"version-history":[{"count":1,"href":"https:\/\/www.actualidadadiario.com\/index.php\/wp-json\/wp\/v2\/posts\/21239\/revisions"}],"predecessor-version":[{"id":21241,"href":"https:\/\/www.actualidadadiario.com\/index.php\/wp-json\/wp\/v2\/posts\/21239\/revisions\/21241"}],"wp:featuredmedia":[{"embeddable":true,"href":"https:\/\/www.actualidadadiario.com\/index.php\/wp-json\/wp\/v2\/media\/21240"}],"wp:attachment":[{"href":"https:\/\/www.actualidadadiario.com\/index.php\/wp-json\/wp\/v2\/media?parent=21239"}],"wp:term":[{"taxonomy":"category","embeddable":true,"href":"https:\/\/www.actualidadadiario.com\/index.php\/wp-json\/wp\/v2\/categories?post=21239"},{"taxonomy":"post_tag","embeddable":true,"href":"https:\/\/www.actualidadadiario.com\/index.php\/wp-json\/wp\/v2\/tags?post=21239"}],"curies":[{"name":"wp","href":"https:\/\/api.w.org\/{rel}","templated":true}]}}