{"id":206,"date":"2016-08-23T10:15:10","date_gmt":"2016-08-23T13:15:10","guid":{"rendered":"http:\/\/actualidadadiario.com\/site\/?p=206"},"modified":"2016-08-23T10:15:10","modified_gmt":"2016-08-23T13:15:10","slug":"productores-regalaran-10-000-kilos-de-fruta-en-plaza-de-mayo","status":"publish","type":"post","link":"https:\/\/www.actualidadadiario.com\/index.php\/2016\/08\/23\/productores-regalaran-10-000-kilos-de-fruta-en-plaza-de-mayo\/","title":{"rendered":"Productores regalar\u00e1n 10.000 kilos de fruta en Plaza de Mayo"},"content":{"rendered":"<p><strong><em>Ser\u00e1 hoy y es en protesta por la &#8220;crisis&#8221; que atraviesan debido a la &#8220;miseria&#8221; que cobran. Dar\u00e1n peras y manzanas<\/em><\/strong><\/p>\n<p>&nbsp;<\/p>\n<p>&nbsp;<\/p>\n<p>Productores frutihort\u00edcolas de R\u00edo Negro llegar\u00e1n<strong>\u00a0<\/strong>este martes<strong>\u00a0<\/strong>a la Ciudad de Buenos Aires para reclamar ser atendidos por el presidente Mauricio Macri ante la &#8220;crisis&#8221; por la que atraviesan debido a la &#8220;miseria&#8221; que cobran y, como forma de protesta,\u00a0regalar\u00e1n en Plaza de Mayo 10 mil kilos de peras y de manzanas.<br \/>\n&#8220;La idea es ir a Plaza de Mayo, regalar fruta, explicarle a la gente, m\u00e1s all\u00e1 de que nos atienda el Presidente o alguien de parte del Gobierno nacional. Vamos a regalar cerca de 10 mil kilos de manzana y pera&#8221;, se\u00f1al\u00f3 el presidente de la C\u00e1mara de Fruticultores de la localidad rionegrina de Allen, Sebasti\u00e1n Hern\u00e1ndez.<br \/>\nEn declaraciones a radio La Red, el dirigente cont\u00f3 que llegar\u00e1n a la Ciudad productores de varias localidades esa zona del pa\u00eds, y denunci\u00f3 la &#8220;miseria&#8221; que cobran por su producci\u00f3n en relaci\u00f3n a lo que pagan los consumidores.<\/p>\n<p>En ese sentido, detall\u00f3 que de acuerdo a un estudio realizado en las \u00faltimas semanas, &#8220;en la manzana, entre lo que cobra el productor y lo que paga el consumidor, hay un 851 por ciento de diferencia, y en la pera, 1.009 por ciento&#8221;.<br \/>\n&#8220;En 2015 estuvimos en 1 peso el promedio, y este a\u00f1o est\u00e1n en 2,5 pesos, cuando el costo es de 4 pesos. El kilo de manzanas se est\u00e1 pagando entre 2 y 2,5 pesos. Es una verg\u00fcenza que el consumidor est\u00e9 pagando tan caro cuando al productor le quedan migajas&#8221;, agreg\u00f3.<\/p>\n<p>&nbsp;<\/p>\n<p>Seg\u00fan Hern\u00e1ndez, el conflicto viene de larga data y se profundiz\u00f3 en los \u00faltimos meses ante el incremento de los costos, lo que ha provocado que muchos productores est\u00e9n desapareciendo.<\/p>\n<p><strong><br \/>\n<\/strong>&#8220;Es una situaci\u00f3n de crisis, de quebranto, se est\u00e1n fundiendo muchos productores.<strong>\u00a0<\/strong>Vamos a Buenos Aires a ver si podemos hablar con el Presidente, necesitamos decisiones pol\u00edticas para el sector, y que nos puedan asegurar que la pera y la manzana tengan un precio como tiene toda la cadena. Estamos cobrando miseria al lado de lo que llega al consumidor&#8221;, resumi\u00f3.<\/p>\n","protected":false},"excerpt":{"rendered":"<p>Ser\u00e1 hoy y es en protesta por la &#8220;crisis&#8221; que atraviesan debido a la &#8220;miseria&#8221; que cobran. Dar\u00e1n peras y manzanas &nbsp; &nbsp; Productores frutihort\u00edcolas de R\u00edo Negro llegar\u00e1n\u00a0este martes\u00a0a la Ciudad de Buenos Aires para reclamar ser atendidos por el presidente Mauricio Macri ante la &#8220;crisis&#8221; por la que atraviesan debido a la &#8220;miseria&#8221; que cobran y, como forma de protesta,\u00a0regalar\u00e1n en Plaza de Mayo 10 mil kilos de peras y de manzanas. &#8220;La idea es ir a Plaza de Mayo, regalar fruta, explicarle a la gente, m\u00e1s all\u00e1&#8230;<\/p>\n","protected":false},"author":3,"featured_media":207,"comment_status":"closed","ping_status":"open","sticky":false,"template":"","format":"standard","meta":[],"categories":[2,4],"tags":[],"_links":{"self":[{"href":"https:\/\/www.actualidadadiario.com\/index.php\/wp-json\/wp\/v2\/posts\/206"}],"collection":[{"href":"https:\/\/www.actualidadadiario.com\/index.php\/wp-json\/wp\/v2\/posts"}],"about":[{"href":"https:\/\/www.actualidadadiario.com\/index.php\/wp-json\/wp\/v2\/types\/post"}],"author":[{"embeddable":true,"href":"https:\/\/www.actualidadadiario.com\/index.php\/wp-json\/wp\/v2\/users\/3"}],"replies":[{"embeddable":true,"href":"https:\/\/www.actualidadadiario.com\/index.php\/wp-json\/wp\/v2\/comments?post=206"}],"version-history":[{"count":1,"href":"https:\/\/www.actualidadadiario.com\/index.php\/wp-json\/wp\/v2\/posts\/206\/revisions"}],"predecessor-version":[{"id":208,"href":"https:\/\/www.actualidadadiario.com\/index.php\/wp-json\/wp\/v2\/posts\/206\/revisions\/208"}],"wp:featuredmedia":[{"embeddable":true,"href":"https:\/\/www.actualidadadiario.com\/index.php\/wp-json\/wp\/v2\/media\/207"}],"wp:attachment":[{"href":"https:\/\/www.actualidadadiario.com\/index.php\/wp-json\/wp\/v2\/media?parent=206"}],"wp:term":[{"taxonomy":"category","embeddable":true,"href":"https:\/\/www.actualidadadiario.com\/index.php\/wp-json\/wp\/v2\/categories?post=206"},{"taxonomy":"post_tag","embeddable":true,"href":"https:\/\/www.actualidadadiario.com\/index.php\/wp-json\/wp\/v2\/tags?post=206"}],"curies":[{"name":"wp","href":"https:\/\/api.w.org\/{rel}","templated":true}]}}