{"id":20593,"date":"2017-11-23T09:36:08","date_gmt":"2017-11-23T12:36:08","guid":{"rendered":"http:\/\/actualidadadiario.com\/site\/?p=20593"},"modified":"2017-11-23T09:36:08","modified_gmt":"2017-11-23T12:36:08","slug":"senadores-justicialistas-rechazan-modificaciones-en-la-ley-de-salud-mental","status":"publish","type":"post","link":"https:\/\/www.actualidadadiario.com\/index.php\/2017\/11\/23\/senadores-justicialistas-rechazan-modificaciones-en-la-ley-de-salud-mental\/","title":{"rendered":"Senadores justicialistas rechazan modificaciones en la Ley de Salud Mental"},"content":{"rendered":"<p><em><strong>Senadores y senadoras del bloque del FPV-PJ expresaron su rechazo a las modificaciones que el Gobierno nacional busca imponer en la Ley de Salud Mental. As\u00ed lo manifestaron en un proyecto de declaraci\u00f3n presentado en la C\u00e1mara Alta, donde remarcaron que se trata de un retroceso violatorio de derechos humanos<\/strong><\/em><\/p>\n<p>&nbsp;<\/p>\n<p>&nbsp;<\/p>\n<p>&nbsp;<\/p>\n<p>\u201cLa Ley Nacional de Salud Mental fue un avance clave para el reconocimiento de las personas con padecimiento mental como sujetos de derecho y para la sustituci\u00f3n del manicomio por tratamientos dignos\u201d, indicaron los senadores del FPV-PJ al se\u00f1alar que \u201cuna modificaci\u00f3n en el texto del Reglamento actual conlleva un retroceso en todos los avances que se han logrado en este campo\u201d.<\/p>\n<p>&nbsp;<\/p>\n<p>En este sentido el presidente del bloque, \u00c1ngel Giano, sostuvo: \u201cUna vez m\u00e1s estamos frente a una intromisi\u00f3n del Poder Ejecutivo nacional, que a trav\u00e9s de un decreto, hecha por tierra los avances conseguidos mediante la sanci\u00f3n de la ley\u201d. Y asegur\u00f3 que \u201ctanto en materia t\u00e9cnica legal, en los nuevos conceptos y categorizaciones de salud y de derechos humanos, esta ley fue reconocida y ponderada como un gran paso y una herramienta fundamental, por todas las organizaciones, familiares, investigadores y trabajadores del campo de la salud mental\u201d.<\/p>\n<p>&nbsp;<\/p>\n<p>Por eso los legisladores se\u00f1alan el car\u00e1cter \u201cinconstitucional que representa implementar un cambio mediante decreto reglamentario de una norma superior, evitando la discusi\u00f3n parlamentaria que requiere un tema tan trascendente como es la salud, sino tambi\u00e9n debemos velar por los derechos de los usuarios de la ley, tanto en los beneficios que obtienen como en la dignidad de la persona\u201d.<\/p>\n<p>&nbsp;<\/p>\n<p>El proyecto de declaraci\u00f3n presentado en el Senado Entrerriano sostiene \u201cel rechazo ante la anunciada modificaci\u00f3n del Decreto Reglamentario de la Ley Nro. 26.657 de Salud Mental, que alterar\u00eda inconstitucional e involutivamente la letra, el esp\u00edritu y el paradigma originarios de la ley&#8221;, puntualizaron.<\/p>\n","protected":false},"excerpt":{"rendered":"<p>Senadores y senadoras del bloque del FPV-PJ expresaron su rechazo a las modificaciones que el Gobierno nacional busca imponer en la Ley de Salud Mental. As\u00ed lo manifestaron en un proyecto de declaraci\u00f3n presentado en la C\u00e1mara Alta, donde remarcaron que se trata de un retroceso violatorio de derechos humanos &nbsp; &nbsp; &nbsp; \u201cLa Ley Nacional de Salud Mental fue un avance clave para el reconocimiento de las personas con padecimiento mental como sujetos de derecho y para la sustituci\u00f3n del manicomio por tratamientos dignos\u201d, indicaron los senadores del FPV-PJ&#8230;<\/p>\n","protected":false},"author":3,"featured_media":20594,"comment_status":"closed","ping_status":"closed","sticky":false,"template":"","format":"standard","meta":[],"categories":[15],"tags":[],"_links":{"self":[{"href":"https:\/\/www.actualidadadiario.com\/index.php\/wp-json\/wp\/v2\/posts\/20593"}],"collection":[{"href":"https:\/\/www.actualidadadiario.com\/index.php\/wp-json\/wp\/v2\/posts"}],"about":[{"href":"https:\/\/www.actualidadadiario.com\/index.php\/wp-json\/wp\/v2\/types\/post"}],"author":[{"embeddable":true,"href":"https:\/\/www.actualidadadiario.com\/index.php\/wp-json\/wp\/v2\/users\/3"}],"replies":[{"embeddable":true,"href":"https:\/\/www.actualidadadiario.com\/index.php\/wp-json\/wp\/v2\/comments?post=20593"}],"version-history":[{"count":1,"href":"https:\/\/www.actualidadadiario.com\/index.php\/wp-json\/wp\/v2\/posts\/20593\/revisions"}],"predecessor-version":[{"id":20595,"href":"https:\/\/www.actualidadadiario.com\/index.php\/wp-json\/wp\/v2\/posts\/20593\/revisions\/20595"}],"wp:featuredmedia":[{"embeddable":true,"href":"https:\/\/www.actualidadadiario.com\/index.php\/wp-json\/wp\/v2\/media\/20594"}],"wp:attachment":[{"href":"https:\/\/www.actualidadadiario.com\/index.php\/wp-json\/wp\/v2\/media?parent=20593"}],"wp:term":[{"taxonomy":"category","embeddable":true,"href":"https:\/\/www.actualidadadiario.com\/index.php\/wp-json\/wp\/v2\/categories?post=20593"},{"taxonomy":"post_tag","embeddable":true,"href":"https:\/\/www.actualidadadiario.com\/index.php\/wp-json\/wp\/v2\/tags?post=20593"}],"curies":[{"name":"wp","href":"https:\/\/api.w.org\/{rel}","templated":true}]}}