{"id":20590,"date":"2017-11-23T09:35:12","date_gmt":"2017-11-23T12:35:12","guid":{"rendered":"http:\/\/actualidadadiario.com\/site\/?p=20590"},"modified":"2017-11-23T09:35:12","modified_gmt":"2017-11-23T12:35:12","slug":"diputados-de-cambiemos-destacaron-los-acuerdos-por-el-presupuesto-provincial","status":"publish","type":"post","link":"https:\/\/www.actualidadadiario.com\/index.php\/2017\/11\/23\/diputados-de-cambiemos-destacaron-los-acuerdos-por-el-presupuesto-provincial\/","title":{"rendered":"Diputados de Cambiemos destacaron los acuerdos por el Presupuesto provincial"},"content":{"rendered":"<p><em><strong>Desde el Bloque de diputados provinciales de Cambiemos destacaron los acuerdos alcanzados en torno al Presupuesto de Entre R\u00edos para 2018. Seg\u00fan indicaron, el acuerdo \u201cimplica avanzar en una bater\u00eda de proyectos que ven\u00edan siendo reclamados desde hace tiempo por los legisladores\u201d<\/strong><\/em><\/p>\n<p>&nbsp;<\/p>\n<p>&nbsp;<\/p>\n<p>&nbsp;<\/p>\n<p>A trav\u00e9s de un comunicado de prensa antes de la sesi\u00f3n de este mi\u00e9rcoles, la bancada de la oposici\u00f3n remarc\u00f3 el &#8220;impacto positivo que tendr\u00e1n los proyectos acordados en la agenda parlamentaria con el oficialismo&#8221;.<\/p>\n<p>&nbsp;<\/p>\n<p>Seg\u00fan indicaron, se trata de &#8220;iniciativas que apuntan directamente a dinamizar la econom\u00eda de la provincia, y por eso cre\u00edmos necesario discutirlos en el marco del debate por el presupuesto&#8221;.<\/p>\n<p>&nbsp;<\/p>\n<p>En el paquete acordado se incluyeron los proyectos de adhesi\u00f3n a las leyes nacionales de ART, Pymes y Emprendedores, y los proyectos de leyes provinciales de Gastos Reservados, Participaci\u00f3n p\u00fablico-privada, eliminaci\u00f3n del pago de Ingresos Brutos para cr\u00e9ditos hipotecarios, Impuesto a la herencia, Org\u00e1nica del Tribunal de Cuentas, Comunas y Consorcios Camineros.<\/p>\n<p>&nbsp;<\/p>\n<p>Al respecto, Sergio Kneeteman, presidente del bloque de diputados de Cambiemos y quien estuvo al frente de las negociaciones con el gobernador, Gustavo Bordet, sus ministros y en el diputado justicialista, Juan Jos\u00e9 Bahilo, titular de su bloque, destac\u00f3: &#8220;En el presupuesto logramos ponerle un tope del 10% a la discrecionalidad de las facultades delegadas al Poder Ejecutivo para la reasignaci\u00f3n de partidas sin necesidad de ser autorizada por la Legislatura. Tambi\u00e9n acordamos aumentar el presupuesto para las Juntas de Gobierno, mediante un proyecto de ley complementario que elevaremos a la C\u00e1mara a la brevedad&#8221;, precis\u00f3.<\/p>\n<p>&nbsp;<\/p>\n<p>En la misma sesi\u00f3n se avanz\u00f3 con alguna de las iniciativas, como los casos de ART, Pymes y Emprendedores, y sobre Gastos Reservados, mientras que sobre otras que ya hab\u00edan sido aprobadas en Diputados, se comprometi\u00f3 la sanci\u00f3n para la semana pr\u00f3xima, cuando sesione el Senado.<\/p>\n<p>&nbsp;<\/p>\n<p>Seg\u00fan \u00a0se supo, la agenda pautada se extender\u00e1 tambi\u00e9n para lo que queda del per\u00edodo legislativo y hasta el principio del pr\u00f3ximo.<\/p>\n<p>&nbsp;<\/p>\n<p>Ya en el tratamiento en el recinto, los diputados de Cambiemos expresaron los aspectos que, a criterio de la bancada, deben modificarse en la b\u00fasqueda del equilibrio fiscal y de lograr una ley que apunte al desarrollo futuro de la provincia interactuando con el sector privado a partir de una gesti\u00f3n caracterizada por la transparencia.<\/p>\n<p>&nbsp;<\/p>\n<p>&#8220;Si queremos ser sustentables, Entre R\u00edos debe salir del rojo fiscal en el que se encuentra. Es necesario dejar de arrastrar deuda y buscar el equilibrio de las cuentas p\u00fablicas y la colaboraci\u00f3n entre el sector p\u00fablico y el sector privado, como \u00fanico camino para sacar a esta provincia en el que se encuentra&#8221;, indic\u00f3 el diputado Joaqu\u00edn La Madrid.<\/p>\n<p>&nbsp;<\/p>\n<p>Asimismo el diputado Esteban Vitor hizo referencia al reciente acuerdo entre la Naci\u00f3n y las provincias y en ese sentido dijo que &#8220;ese sinceramiento se debe trasladar a los municipios y a las juntas de gobierno. De ahora en m\u00e1s es necesario sentarse los representantes de provincia y municipios para tratar la ley 10.270 que es una ley donde no se coparticipa a los municipios el 16 por ciento y hay un reclamo de los municipios de Cambiemos y aumentarles el presupuesto a las 196 juntas de gobierno&#8221;.<\/p>\n<p>&nbsp;<\/p>\n<p>El diputado Kneeteman a su turno, dijo que \u201ces un presupuesto que est\u00e1 reflejando la pobreza en esta provincia, no solo en lo econ\u00f3mico sino tambi\u00e9n en las ideas, y hemos planteado observaciones que no tienen que ver con los n\u00fameros, sino con la necesidad de que esta provincia comience a salir de un estado de estancamiento que creemos, hay que tratar de corregir\u201d.<\/p>\n<p>&nbsp;<\/p>\n<p>Por \u00faltimo el titular del bloque de Cambiemos asegur\u00f3: \u201cEste es un d\u00eda para celebrar como lo fue el consenso alcanzado entre el gobierno Nacional y las provincias, para empezar a transitar el camino de cambio de una situaci\u00f3n de much\u00edsimo estancamiento, para caminar el camino del consenso, la b\u00fasqueda de acuerdos y sacar a este pa\u00eds del letargo en que lo recibimos&#8221;.<\/p>\n","protected":false},"excerpt":{"rendered":"<p>Desde el Bloque de diputados provinciales de Cambiemos destacaron los acuerdos alcanzados en torno al Presupuesto de Entre R\u00edos para 2018. Seg\u00fan indicaron, el acuerdo \u201cimplica avanzar en una bater\u00eda de proyectos que ven\u00edan siendo reclamados desde hace tiempo por los legisladores\u201d &nbsp; &nbsp; &nbsp; A trav\u00e9s de un comunicado de prensa antes de la sesi\u00f3n de este mi\u00e9rcoles, la bancada de la oposici\u00f3n remarc\u00f3 el &#8220;impacto positivo que tendr\u00e1n los proyectos acordados en la agenda parlamentaria con el oficialismo&#8221;. &nbsp; Seg\u00fan indicaron, se trata de &#8220;iniciativas que apuntan directamente&#8230;<\/p>\n","protected":false},"author":3,"featured_media":20591,"comment_status":"closed","ping_status":"closed","sticky":false,"template":"","format":"standard","meta":[],"categories":[15],"tags":[],"_links":{"self":[{"href":"https:\/\/www.actualidadadiario.com\/index.php\/wp-json\/wp\/v2\/posts\/20590"}],"collection":[{"href":"https:\/\/www.actualidadadiario.com\/index.php\/wp-json\/wp\/v2\/posts"}],"about":[{"href":"https:\/\/www.actualidadadiario.com\/index.php\/wp-json\/wp\/v2\/types\/post"}],"author":[{"embeddable":true,"href":"https:\/\/www.actualidadadiario.com\/index.php\/wp-json\/wp\/v2\/users\/3"}],"replies":[{"embeddable":true,"href":"https:\/\/www.actualidadadiario.com\/index.php\/wp-json\/wp\/v2\/comments?post=20590"}],"version-history":[{"count":1,"href":"https:\/\/www.actualidadadiario.com\/index.php\/wp-json\/wp\/v2\/posts\/20590\/revisions"}],"predecessor-version":[{"id":20592,"href":"https:\/\/www.actualidadadiario.com\/index.php\/wp-json\/wp\/v2\/posts\/20590\/revisions\/20592"}],"wp:featuredmedia":[{"embeddable":true,"href":"https:\/\/www.actualidadadiario.com\/index.php\/wp-json\/wp\/v2\/media\/20591"}],"wp:attachment":[{"href":"https:\/\/www.actualidadadiario.com\/index.php\/wp-json\/wp\/v2\/media?parent=20590"}],"wp:term":[{"taxonomy":"category","embeddable":true,"href":"https:\/\/www.actualidadadiario.com\/index.php\/wp-json\/wp\/v2\/categories?post=20590"},{"taxonomy":"post_tag","embeddable":true,"href":"https:\/\/www.actualidadadiario.com\/index.php\/wp-json\/wp\/v2\/tags?post=20590"}],"curies":[{"name":"wp","href":"https:\/\/api.w.org\/{rel}","templated":true}]}}