{"id":20556,"date":"2017-11-22T10:07:57","date_gmt":"2017-11-22T13:07:57","guid":{"rendered":"http:\/\/actualidadadiario.com\/site\/?p=20556"},"modified":"2017-11-22T10:07:57","modified_gmt":"2017-11-22T13:07:57","slug":"michetti-justifico-el-ajuste-a-los-jubilados-en-que-se-llevan-de-los-montos-mas-grandes-de-todos","status":"publish","type":"post","link":"https:\/\/www.actualidadadiario.com\/index.php\/2017\/11\/22\/michetti-justifico-el-ajuste-a-los-jubilados-en-que-se-llevan-de-los-montos-mas-grandes-de-todos\/","title":{"rendered":"Michetti justific\u00f3 el ajuste a los jubilados en que &#8220;se llevan de los montos m\u00e1s grandes de todos&#8221;"},"content":{"rendered":"<p><em><strong>Tras el pacto fiscal que Macri acord\u00f3 con los gobernadores y que viene con un retroceso en los haberes de los abuelos, la vicepresidenta lanz\u00f3 una ins\u00f3lita defensa del recorte que implica esa reforma previsional: sugiri\u00f3 que los jubilados cobran mucho y culp\u00f3 por eso al &#8220;populismo&#8221; del gobierno anterior<\/strong><\/em><\/p>\n<p>&nbsp;<\/p>\n<p>&nbsp;<\/p>\n<p>&nbsp;<\/p>\n<p>Tras el acuerdo del presidente Mauricio Macri con los gobernadores para la reforma fiscal que incluye cambios en el sistema previsional por los cuales las jubilaciones subir\u00e1n cada tres meses por el IPC-Indec y s\u00f3lo en el segundo trimestre de cada a\u00f1o incrementadas con un insignificante 5 por ciento de la variaci\u00f3n porcentual real del PIB, y la suba de la edad de la jubilaci\u00f3n, para hombres y mujeres, en los 70 a\u00f1os, se gener\u00f3 por un lado una andanada de cr\u00edticas y, por otro, la salida de las espadas PRO a defender el ajuste a los abuelos.<\/p>\n<p>&nbsp;<\/p>\n<p>En ese marco, la que hasta el momento lanz\u00f3 la m\u00e1s ins\u00f3lita de las defensas fue la vicepresidenta de la Naci\u00f3n, Gabriela Michetti: la segunda en la l\u00ednea sucesoria, el recorte a los jubilados se funda en que &#8220;ese sector&#8221; se queda con &#8220;los montos m\u00e1s grandes de todos&#8221; del Estado y que esa situaci\u00f3n se debe a &#8220;demasiadas medidas de populismo&#8221; del gobierno anterior.<\/p>\n<p>&nbsp;<\/p>\n<p>&#8220;\u00bfPor qu\u00e9 siempre con los jubilados?&#8221;, arranc\u00f3 el periodista Fernando Carnota, habitualmente cercano al macrismo, a lo que la funcionaria respondi\u00f3 que se trata de &#8220;reordenar algo que se hab\u00eda salido de cause&#8221;.<\/p>\n<p>&nbsp;<\/p>\n<p>&#8220;Es obvio que la Argentina ha desarrollado en los \u00faltimos gobiernos demasiadas medidas de demagogia y de populismo&#8221;, dispar\u00f3 Michetti en un nuevo cap\u00edtulo de la teor\u00eda de la &#8220;pesada herencia&#8221;, que en este caso implicar\u00eda que los jubilados cobran demasiado gracias al kirchnerismo.<\/p>\n<p>&nbsp;<\/p>\n<p>Adem\u00e1s, retom\u00f3 tambi\u00e9n la hip\u00f3tesis del &#8220;viento de cola&#8221; al sostener que eso fue posible porque durante el gobierno anterior se vivi\u00f3 &#8220;como muchos economistas definen, uno de los dos mejores momentos econ\u00f3micos del pa\u00eds&#8221;.<\/p>\n<p>&nbsp;<\/p>\n<p>Sin embargo, Carnota insisti\u00f3 y cuestion\u00f3 la decisi\u00f3n al preguntarle si &#8220;no se pueden meter en el resto menos en los jubilados&#8221;, a lo que Michetti respondi\u00f3 de forma tan ins\u00f3lita como contundente: &#8220;Lo que se lleva ese sector son de los montos m\u00e1s grandes de todos&#8221;.<\/p>\n","protected":false},"excerpt":{"rendered":"<p>Tras el pacto fiscal que Macri acord\u00f3 con los gobernadores y que viene con un retroceso en los haberes de los abuelos, la vicepresidenta lanz\u00f3 una ins\u00f3lita defensa del recorte que implica esa reforma previsional: sugiri\u00f3 que los jubilados cobran mucho y culp\u00f3 por eso al &#8220;populismo&#8221; del gobierno anterior &nbsp; &nbsp; &nbsp; Tras el acuerdo del presidente Mauricio Macri con los gobernadores para la reforma fiscal que incluye cambios en el sistema previsional por los cuales las jubilaciones subir\u00e1n cada tres meses por el IPC-Indec y s\u00f3lo en el&#8230;<\/p>\n","protected":false},"author":3,"featured_media":20557,"comment_status":"closed","ping_status":"closed","sticky":false,"template":"","format":"standard","meta":[],"categories":[9,18],"tags":[],"_links":{"self":[{"href":"https:\/\/www.actualidadadiario.com\/index.php\/wp-json\/wp\/v2\/posts\/20556"}],"collection":[{"href":"https:\/\/www.actualidadadiario.com\/index.php\/wp-json\/wp\/v2\/posts"}],"about":[{"href":"https:\/\/www.actualidadadiario.com\/index.php\/wp-json\/wp\/v2\/types\/post"}],"author":[{"embeddable":true,"href":"https:\/\/www.actualidadadiario.com\/index.php\/wp-json\/wp\/v2\/users\/3"}],"replies":[{"embeddable":true,"href":"https:\/\/www.actualidadadiario.com\/index.php\/wp-json\/wp\/v2\/comments?post=20556"}],"version-history":[{"count":1,"href":"https:\/\/www.actualidadadiario.com\/index.php\/wp-json\/wp\/v2\/posts\/20556\/revisions"}],"predecessor-version":[{"id":20558,"href":"https:\/\/www.actualidadadiario.com\/index.php\/wp-json\/wp\/v2\/posts\/20556\/revisions\/20558"}],"wp:featuredmedia":[{"embeddable":true,"href":"https:\/\/www.actualidadadiario.com\/index.php\/wp-json\/wp\/v2\/media\/20557"}],"wp:attachment":[{"href":"https:\/\/www.actualidadadiario.com\/index.php\/wp-json\/wp\/v2\/media?parent=20556"}],"wp:term":[{"taxonomy":"category","embeddable":true,"href":"https:\/\/www.actualidadadiario.com\/index.php\/wp-json\/wp\/v2\/categories?post=20556"},{"taxonomy":"post_tag","embeddable":true,"href":"https:\/\/www.actualidadadiario.com\/index.php\/wp-json\/wp\/v2\/tags?post=20556"}],"curies":[{"name":"wp","href":"https:\/\/api.w.org\/{rel}","templated":true}]}}