{"id":20553,"date":"2017-11-22T10:07:14","date_gmt":"2017-11-22T13:07:14","guid":{"rendered":"http:\/\/actualidadadiario.com\/site\/?p=20553"},"modified":"2017-11-22T10:07:14","modified_gmt":"2017-11-22T13:07:14","slug":"ahora-el-oficialismo-impulsa-la-remocion-del-juez-daniel-rafecas","status":"publish","type":"post","link":"https:\/\/www.actualidadadiario.com\/index.php\/2017\/11\/22\/ahora-el-oficialismo-impulsa-la-remocion-del-juez-daniel-rafecas\/","title":{"rendered":"Ahora el oficialismo impulsa la remoci\u00f3n del juez Daniel Rafecas"},"content":{"rendered":"<p><em><strong>Lo hace en el \u00e1mbito del Consejo de la Magistratura. La iniciativa parte de una denuncia presentada por la l\u00edder de la Coalici\u00f3n C\u00edvica, Elisa Carri\u00f3<\/strong><\/em><\/p>\n<p>&nbsp;<\/p>\n<p>&nbsp;<\/p>\n<p>&nbsp;<\/p>\n<p>El oficialismo buscar\u00e1 aprobar el jueves pr\u00f3ximo en el Consejo de la Magistratura el inicio del proceso de remoci\u00f3n contra el juez federal Daniel Rafecas.<\/p>\n<p>&nbsp;<\/p>\n<p>El presidente de la Comisi\u00f3n de Disciplina y Acusaci\u00f3n del organismo, el diputado oficialista Pablo Tonelli, a\u00f1adi\u00f3 este martes los expedientes contra Rafecas en una ampliaci\u00f3n del orden del d\u00eda para el pr\u00f3ximo jueves a las 9.<\/p>\n<p>&nbsp;<\/p>\n<p>Se trata de una denuncia presentada por la l\u00edder de la Coalici\u00f3n C\u00edvica, Elisa Carri\u00f3, a la que se a\u00f1adieron otras acusaciones.<\/p>\n<p>&nbsp;<\/p>\n<p>La semana pasada, el Jurado de Enjuiciamiento de Magistrados destituy\u00f3 por mal desempe\u00f1o en sus funciones al camarista Eduardo Freiler, tras comprobar un incremento injustificado de su patrimonio, omisiones en su declaraci\u00f3n jurada y deudas con la AFIP.<\/p>\n<p>&nbsp;<\/p>\n<p>Con seis votos positivos y uno negativo, el tribunal fall\u00f3 a favor de apartar al juez de la Sala I de la C\u00e1mara Federal de Apelaciones en lo Criminal y Correccional, quien hab\u00eda denunciado que su enjuiciamiento estaba relacionado con su postura en dos causas: Hotesur y la denuncia del fallecido fiscal Alberto Nisman por &#8220;encubrimiento&#8221; del Gobierno de Cristina Kirchner sobre el atentado contra la AMIA.<\/p>\n","protected":false},"excerpt":{"rendered":"<p>Lo hace en el \u00e1mbito del Consejo de la Magistratura. La iniciativa parte de una denuncia presentada por la l\u00edder de la Coalici\u00f3n C\u00edvica, Elisa Carri\u00f3 &nbsp; &nbsp; &nbsp; El oficialismo buscar\u00e1 aprobar el jueves pr\u00f3ximo en el Consejo de la Magistratura el inicio del proceso de remoci\u00f3n contra el juez federal Daniel Rafecas. &nbsp; El presidente de la Comisi\u00f3n de Disciplina y Acusaci\u00f3n del organismo, el diputado oficialista Pablo Tonelli, a\u00f1adi\u00f3 este martes los expedientes contra Rafecas en una ampliaci\u00f3n del orden del d\u00eda para el pr\u00f3ximo jueves a&#8230;<\/p>\n","protected":false},"author":3,"featured_media":20554,"comment_status":"closed","ping_status":"closed","sticky":false,"template":"","format":"standard","meta":[],"categories":[18],"tags":[],"_links":{"self":[{"href":"https:\/\/www.actualidadadiario.com\/index.php\/wp-json\/wp\/v2\/posts\/20553"}],"collection":[{"href":"https:\/\/www.actualidadadiario.com\/index.php\/wp-json\/wp\/v2\/posts"}],"about":[{"href":"https:\/\/www.actualidadadiario.com\/index.php\/wp-json\/wp\/v2\/types\/post"}],"author":[{"embeddable":true,"href":"https:\/\/www.actualidadadiario.com\/index.php\/wp-json\/wp\/v2\/users\/3"}],"replies":[{"embeddable":true,"href":"https:\/\/www.actualidadadiario.com\/index.php\/wp-json\/wp\/v2\/comments?post=20553"}],"version-history":[{"count":1,"href":"https:\/\/www.actualidadadiario.com\/index.php\/wp-json\/wp\/v2\/posts\/20553\/revisions"}],"predecessor-version":[{"id":20555,"href":"https:\/\/www.actualidadadiario.com\/index.php\/wp-json\/wp\/v2\/posts\/20553\/revisions\/20555"}],"wp:featuredmedia":[{"embeddable":true,"href":"https:\/\/www.actualidadadiario.com\/index.php\/wp-json\/wp\/v2\/media\/20554"}],"wp:attachment":[{"href":"https:\/\/www.actualidadadiario.com\/index.php\/wp-json\/wp\/v2\/media?parent=20553"}],"wp:term":[{"taxonomy":"category","embeddable":true,"href":"https:\/\/www.actualidadadiario.com\/index.php\/wp-json\/wp\/v2\/categories?post=20553"},{"taxonomy":"post_tag","embeddable":true,"href":"https:\/\/www.actualidadadiario.com\/index.php\/wp-json\/wp\/v2\/tags?post=20553"}],"curies":[{"name":"wp","href":"https:\/\/api.w.org\/{rel}","templated":true}]}}