{"id":20550,"date":"2017-11-22T10:06:30","date_gmt":"2017-11-22T13:06:30","guid":{"rendered":"http:\/\/actualidadadiario.com\/site\/?p=20550"},"modified":"2017-11-22T10:06:30","modified_gmt":"2017-11-22T13:06:30","slug":"el-peronismo-rechaza-el-tratamiento-expres-del-paquete-de-reformas","status":"publish","type":"post","link":"https:\/\/www.actualidadadiario.com\/index.php\/2017\/11\/22\/el-peronismo-rechaza-el-tratamiento-expres-del-paquete-de-reformas\/","title":{"rendered":"El peronismo rechaza el tratamiento expr\u00e9s del paquete de reformas"},"content":{"rendered":"<p><em><strong>El oficialismo intent\u00f3 acelerar los tiempos para tratar esta misma semana la reforma laboral, pero los reacomodamientos dentro del peronismo fueron impedimentos para lograr el objetivo de Cambiemos<\/strong><\/em><\/p>\n<p>&nbsp;<\/p>\n<p>&nbsp;<\/p>\n<p>&nbsp;<\/p>\n<p>&nbsp;<\/p>\n<p>Ayer, mientras desde los despachos oficialistas aseguraban que hoy por la tarde arrancar\u00eda la discusi\u00f3n en la Comisi\u00f3n de Trabajo y Previsi\u00f3n Social, que preside el peronista Daniel Lovera, con la presencia del ministro de Trabajo, Jorge Triaca, los peronistas salieron a frenar el entusiasmo oficialista.<\/p>\n<p>&nbsp;<\/p>\n<p>La comisi\u00f3n est\u00e1 convocada reci\u00e9n para ma\u00f1ana con la presencia de Triaca y del ministro de Hacienda, Nicol\u00e1s Dujovne, seg\u00fan confirmaban anoche a \u00faltima hora.<\/p>\n<p>&nbsp;<\/p>\n<p>Lovera, en di\u00e1logo con la prensa, dej\u00f3 clara la postura de la mayor\u00eda opositora. El pampeano dijo que tanto la reforma laboral, como la previsional \u201cson temas que involucran a toda la sociedad\u201d, por lo que \u201chay que tener tranquilidad, transparencia y que todos vengan a opinar\u201d.<\/p>\n<p>&nbsp;<\/p>\n<p>\u201cYo no veo que est\u00e9n las condiciones para que todos los actores que tienen que venir a opinar puedan hacerlo en un solo d\u00eda\u201d, respondi\u00f3 en forma de reproche al apuro oficialista el hombre que tiene la llave para abrir la discusi\u00f3n y que obedece al gobernador Carlos Verna.<\/p>\n<p>&nbsp;<\/p>\n<p>Desde el Frente para la Victoria aseguraron que la convocatoria para debatir los proyectos de la reforma laborales y previsional podr\u00eda realizarse el martes pr\u00f3ximo, en una jornada en la que asistir\u00e1n el ministro de Trabajo, pero tambi\u00e9n los integrantes del triunvirato que conduce la CGT: Carlos Acu\u00f1a, Juan Carlos Schmid y H\u00e9ctor Daer.<\/p>\n<p>&nbsp;<\/p>\n<p>\u201cNo queremos un tratamiento expr\u00e9s ni que se nos acuse de una nueva Banelco, ac\u00e1 estamos discutiendo temas demasiado sensibles como para que el gobierno la intente aprobar sin debate\u201d, se quejaban en el peronismo, donde no dieron fechas precisas.<\/p>\n<p>&nbsp;<\/p>\n<p>Desde ese sector, aseguran que quieren tomarse todo el tiempo que sea necesario en un debate al que asistan todos los sectores. \u201cTienen que venir los ministros, pero tambi\u00e9n la CGT, los movimientos sociales, los empresarios, la Iglesia, todos\u201d, reclamaban desde la oposici\u00f3n.<\/p>\n<p>&nbsp;<\/p>\n<p>Si bien la fecha tentativa para reunir a la comisi\u00f3n es el martes pr\u00f3ximo, en el peronismo no pod\u00edan asegurar que se firme dictamen esa misma semana, como pretend\u00eda Cambiemos. Lo m\u00e1s probable es que las reformas lleguen al reciento en sesiones extraordinarias, es decir, una vez producido el recambio legislativo y con Cristina Kirchner ocupando su banca.<\/p>\n<p>&nbsp;<\/p>\n<p>En la trastienda peronista se ocuparon de la interna desatada entre Miguel Pichetto y la ex presidenta: \u201cSi Cristina est\u00e1 en el debate y le molesta a Pichetto, que lo resuelvan entre ellos, nosotros no nos vamos a dejar arrastrar por una discusi\u00f3n entre ellos\u201d.<\/p>\n","protected":false},"excerpt":{"rendered":"<p>El oficialismo intent\u00f3 acelerar los tiempos para tratar esta misma semana la reforma laboral, pero los reacomodamientos dentro del peronismo fueron impedimentos para lograr el objetivo de Cambiemos &nbsp; &nbsp; &nbsp; &nbsp; Ayer, mientras desde los despachos oficialistas aseguraban que hoy por la tarde arrancar\u00eda la discusi\u00f3n en la Comisi\u00f3n de Trabajo y Previsi\u00f3n Social, que preside el peronista Daniel Lovera, con la presencia del ministro de Trabajo, Jorge Triaca, los peronistas salieron a frenar el entusiasmo oficialista. &nbsp; La comisi\u00f3n est\u00e1 convocada reci\u00e9n para ma\u00f1ana con la presencia de&#8230;<\/p>\n","protected":false},"author":3,"featured_media":20551,"comment_status":"closed","ping_status":"closed","sticky":false,"template":"","format":"standard","meta":[],"categories":[18],"tags":[],"_links":{"self":[{"href":"https:\/\/www.actualidadadiario.com\/index.php\/wp-json\/wp\/v2\/posts\/20550"}],"collection":[{"href":"https:\/\/www.actualidadadiario.com\/index.php\/wp-json\/wp\/v2\/posts"}],"about":[{"href":"https:\/\/www.actualidadadiario.com\/index.php\/wp-json\/wp\/v2\/types\/post"}],"author":[{"embeddable":true,"href":"https:\/\/www.actualidadadiario.com\/index.php\/wp-json\/wp\/v2\/users\/3"}],"replies":[{"embeddable":true,"href":"https:\/\/www.actualidadadiario.com\/index.php\/wp-json\/wp\/v2\/comments?post=20550"}],"version-history":[{"count":1,"href":"https:\/\/www.actualidadadiario.com\/index.php\/wp-json\/wp\/v2\/posts\/20550\/revisions"}],"predecessor-version":[{"id":20552,"href":"https:\/\/www.actualidadadiario.com\/index.php\/wp-json\/wp\/v2\/posts\/20550\/revisions\/20552"}],"wp:featuredmedia":[{"embeddable":true,"href":"https:\/\/www.actualidadadiario.com\/index.php\/wp-json\/wp\/v2\/media\/20551"}],"wp:attachment":[{"href":"https:\/\/www.actualidadadiario.com\/index.php\/wp-json\/wp\/v2\/media?parent=20550"}],"wp:term":[{"taxonomy":"category","embeddable":true,"href":"https:\/\/www.actualidadadiario.com\/index.php\/wp-json\/wp\/v2\/categories?post=20550"},{"taxonomy":"post_tag","embeddable":true,"href":"https:\/\/www.actualidadadiario.com\/index.php\/wp-json\/wp\/v2\/tags?post=20550"}],"curies":[{"name":"wp","href":"https:\/\/api.w.org\/{rel}","templated":true}]}}