{"id":20547,"date":"2017-11-22T10:05:48","date_gmt":"2017-11-22T13:05:48","guid":{"rendered":"http:\/\/actualidadadiario.com\/site\/?p=20547"},"modified":"2017-11-22T10:05:48","modified_gmt":"2017-11-22T13:05:48","slug":"el-massismo-se-radicaliza-y-obliga-al-gobierno-a-recostarse-en-los-gobernadores","status":"publish","type":"post","link":"https:\/\/www.actualidadadiario.com\/index.php\/2017\/11\/22\/el-massismo-se-radicaliza-y-obliga-al-gobierno-a-recostarse-en-los-gobernadores\/","title":{"rendered":"El massismo se radicaliza y obliga al Gobierno a recostarse en los gobernadores"},"content":{"rendered":"<p><em><strong>No votar\u00e1n ninguna de las reformas y su futuro como aliado ocasional del Gobierno es incierto<\/strong><\/em><\/p>\n<p>&nbsp;<\/p>\n<p>&nbsp;<\/p>\n<p>&nbsp;<\/p>\n<p>&#8220;A la izquierda, la pared&#8221;, bromeaban algunos diputados del Frente Renovador que este martes se reunieron para definir una postura sobre la reforma laboral y la previsional.<\/p>\n<p>&nbsp;<\/p>\n<p>El rechazo lo hab\u00edan anunciado Graciela Cama\u00f1o y Mirta Tundis y nadie se opuso, para sorpresa de los diputados del bloque justicialista, referenciado en gremios y gobernadores, que a\u00fan imaginan un interbloque con la veintena de massistas con mandato hasta 2019.<\/p>\n<p>&nbsp;<\/p>\n<p>&#8220;Si siguen en esta postura, vamos a empezar a reclutar a los que son peronistas&#8221;, se indignaban algunos de sus colegas, a\u00fan dirigidos por el sindicalista Oscar Romero. Ma\u00f1ana tienen reuni\u00f3n de bloque para tratar el tema.<\/p>\n<p>&nbsp;<\/p>\n<p>Este grupo conf\u00eda en reclutar a diputados del Frente para la Victoria, pero est\u00e1 chocando con una hasta ahora eficaz gesti\u00f3n de Agust\u00edn Rossi.<\/p>\n<p>&nbsp;<\/p>\n<p>La semana pasada el santafesino se junt\u00f3 con 40 diputados electos por el PJ y hasta se encarg\u00f3 de sostener a la rionegrina Mar\u00eda Emilia Soria, clave para el desafuero de Julio De Vido.<\/p>\n<p>&nbsp;<\/p>\n<p>Descartan la mudanza de diputados electos del peronismo de Entre R\u00edos, Chaco y Mendoza, pero conf\u00edan en sostener a la mayor\u00eda del resto y mantener la segunda minor\u00eda, detr\u00e1s del Gobierno.<\/p>\n<p>&nbsp;<\/p>\n<p>Distinta ser\u00eda la historia si Axel Kicillof fuera ungido como reemplazo de H\u00e9ctor Recalde, opci\u00f3n que a\u00fan nadie descarta.<\/p>\n<p>&nbsp;<\/p>\n<p>Pero la radicalizaci\u00f3n de Massa altera el escenario, porque sin ellos el Gobierno deber\u00e1 buscar aliados entre los gobernadores. No s\u00f3lo los peronistas, sino tambi\u00e9n los de partidos provinciales, cada vez con mayor peso.<\/p>\n<p>&nbsp;<\/p>\n<p>&#8220;No tenemos intendentes, gobernadores ni candidatos. Por ahora hacemos lo que pensamos&#8221;, dijo un diputado del Frente Renovador, radicalizado como sus pares. Saben que pueden hacerlo.<\/p>\n","protected":false},"excerpt":{"rendered":"<p>No votar\u00e1n ninguna de las reformas y su futuro como aliado ocasional del Gobierno es incierto &nbsp; &nbsp; &nbsp; &#8220;A la izquierda, la pared&#8221;, bromeaban algunos diputados del Frente Renovador que este martes se reunieron para definir una postura sobre la reforma laboral y la previsional. &nbsp; El rechazo lo hab\u00edan anunciado Graciela Cama\u00f1o y Mirta Tundis y nadie se opuso, para sorpresa de los diputados del bloque justicialista, referenciado en gremios y gobernadores, que a\u00fan imaginan un interbloque con la veintena de massistas con mandato hasta 2019. &nbsp; &#8220;Si&#8230;<\/p>\n","protected":false},"author":3,"featured_media":20548,"comment_status":"closed","ping_status":"closed","sticky":false,"template":"","format":"standard","meta":[],"categories":[18],"tags":[],"_links":{"self":[{"href":"https:\/\/www.actualidadadiario.com\/index.php\/wp-json\/wp\/v2\/posts\/20547"}],"collection":[{"href":"https:\/\/www.actualidadadiario.com\/index.php\/wp-json\/wp\/v2\/posts"}],"about":[{"href":"https:\/\/www.actualidadadiario.com\/index.php\/wp-json\/wp\/v2\/types\/post"}],"author":[{"embeddable":true,"href":"https:\/\/www.actualidadadiario.com\/index.php\/wp-json\/wp\/v2\/users\/3"}],"replies":[{"embeddable":true,"href":"https:\/\/www.actualidadadiario.com\/index.php\/wp-json\/wp\/v2\/comments?post=20547"}],"version-history":[{"count":1,"href":"https:\/\/www.actualidadadiario.com\/index.php\/wp-json\/wp\/v2\/posts\/20547\/revisions"}],"predecessor-version":[{"id":20549,"href":"https:\/\/www.actualidadadiario.com\/index.php\/wp-json\/wp\/v2\/posts\/20547\/revisions\/20549"}],"wp:featuredmedia":[{"embeddable":true,"href":"https:\/\/www.actualidadadiario.com\/index.php\/wp-json\/wp\/v2\/media\/20548"}],"wp:attachment":[{"href":"https:\/\/www.actualidadadiario.com\/index.php\/wp-json\/wp\/v2\/media?parent=20547"}],"wp:term":[{"taxonomy":"category","embeddable":true,"href":"https:\/\/www.actualidadadiario.com\/index.php\/wp-json\/wp\/v2\/categories?post=20547"},{"taxonomy":"post_tag","embeddable":true,"href":"https:\/\/www.actualidadadiario.com\/index.php\/wp-json\/wp\/v2\/tags?post=20547"}],"curies":[{"name":"wp","href":"https:\/\/api.w.org\/{rel}","templated":true}]}}