{"id":20536,"date":"2017-11-22T10:02:33","date_gmt":"2017-11-22T13:02:33","guid":{"rendered":"http:\/\/actualidadadiario.com\/site\/?p=20536"},"modified":"2017-11-22T10:02:33","modified_gmt":"2017-11-22T13:02:33","slug":"el-gobierno-anuncia-en-diciembre-el-congelamiento-de-la-planta-de-estatales","status":"publish","type":"post","link":"https:\/\/www.actualidadadiario.com\/index.php\/2017\/11\/22\/el-gobierno-anuncia-en-diciembre-el-congelamiento-de-la-planta-de-estatales\/","title":{"rendered":"El Gobierno anuncia en diciembre el congelamiento de la planta de estatales"},"content":{"rendered":"<p><em><strong>El plan nacional tambi\u00e9n se extiende a las provincias. La Casa Rosada promueve que ninguna estructura subnacional supere el crecimiento demogr\u00e1fico<\/strong><\/em><\/p>\n<p>&nbsp;<\/p>\n<p>&nbsp;<\/p>\n<p>&nbsp;<\/p>\n<p>El Gobierno prev\u00e9 anunciar dentro de tres semanas el congelamiento de la planta estatal nacional y que har\u00e1 recortes de hasta el 20% en los cargos pol\u00edticos. A su vez, el ministro de Modernizaci\u00f3n, Andr\u00e9s Ibarra, planea enviar este a\u00f1o una ley al Congreso en la que Naci\u00f3n y provincias promover\u00e1n el ingreso a los cargos en el Estado por concursos p\u00fablicos.<\/p>\n<p>&nbsp;<\/p>\n<p>El plan de recorte en la administraci\u00f3n nacional comenzar\u00e1 a gestionarse esta semana, cuando el coordinador del gabinete econ\u00f3mico, Mario Quintana, reciba a cada ministro para definir que Direcciones, Secretar\u00edas, Subsecretar\u00edas y Coordinaciones pueden clausurar. En Casa Rosada analizaron el organigrama del Estado y consideraron que lo m\u00e1s &#8220;eficiente&#8221; ser\u00eda cerrarlas o en algunos casos vincularlas con otras dependencias que hacen el mismo trabajo, en otros Ministerios. Esta iniciativa reducir\u00eda entre 15% y 20% los cargos pol\u00edticos del gobierno nacional, se\u00f1alaron desde Balcarce 50.<\/p>\n<p>&nbsp;<\/p>\n<p>Desde el Gobierno defienden la medida y aseguran que no implica una ola de despidos. &#8220;En algunos casos se baja de rango una Direcci\u00f3n o se cierra una Secretar\u00eda pero no se afecta a todo el equipo&#8221;, quisieron explicar. Por su parte, los ministros que vayan a rendir examen ante Quintana tienen en claro que no pueden incorporar m\u00e1s personal. Seg\u00fan un funcionario nacional, la idea es congelar la planta de empleados p\u00fablicos, tal como adelant\u00f3 el diario La Naci\u00f3n.<\/p>\n<p>&nbsp;<\/p>\n<p>Tras sentir el respaldo de las elecciones legislativas, el presidente Mauricio Macri se refiri\u00f3 ayer al modelo de Estado que quiere en esta segunda etapa de su administraci\u00f3n. Durante el Encuentro Regional de las Am\u00e9ricas de la Alianza para el Gobierno Abierto 2017, que se celebr\u00f3 en el CCK, el l\u00edder de Cambiemos breg\u00f3 por &#8220;un Estado que rinda cuentas, al servicio de los ciudadanos&#8221; y que tambi\u00e9n &#8220;eche luz a esos recovecos oscuros que dan lugar a pr\u00e1cticas corruptas&#8221;. El Presidente de esta manera respalda un proyecto de ley que elabora el ministro de Modernizaci\u00f3n, Andr\u00e9s Ibarra. La iniciativa vuelca el compromiso federal que firm\u00f3 la Naci\u00f3n con 13 provincias en abril, que incluye ejes como desburocratizar el Estado, la interoperabilidad de la informaci\u00f3n p\u00fablica y que el acceso a ciertos cargos pol\u00edticos se debe concursar s\u00ed o s\u00ed.<\/p>\n<p>&nbsp;<\/p>\n<p>El Gobierno ya hab\u00eda buscado la manera de bajar el gasto p\u00fablico en los gobiernos subnacionales cuando firm\u00f3 en la \u00faltima semana el Pacto Fiscal con los gobernadores. All\u00ed, Naci\u00f3n reclama que las provincias no aumenten la planta de empleados estatales por encima del crecimiento demogr\u00e1fico.<\/p>\n<p>&nbsp;<\/p>\n<p>A su vez, el jefe de Gabinete, Marcos Pe\u00f1a, y los ministros Triaca, Dujovne, Frigerio, Caputo y Cabrera bajaron l\u00ednea ayer a 158 legisladores de Cambiemos sobre c\u00f3mo defender en el Congreso la reforma laboral, el Pacto Fiscal y la reforma previsional. La nueva f\u00f3rmula para calcular las jubilaciones por inflaci\u00f3n m\u00e1s el incremento del 5% de la variaci\u00f3n del PBI fue el punto que m\u00e1s dudas gener\u00f3 entre diputados y senadores que asistieron al c\u00f3nclave organizado por Paula Bertol, encargada del enlace parlamentario.<\/p>\n","protected":false},"excerpt":{"rendered":"<p>El plan nacional tambi\u00e9n se extiende a las provincias. La Casa Rosada promueve que ninguna estructura subnacional supere el crecimiento demogr\u00e1fico &nbsp; &nbsp; &nbsp; El Gobierno prev\u00e9 anunciar dentro de tres semanas el congelamiento de la planta estatal nacional y que har\u00e1 recortes de hasta el 20% en los cargos pol\u00edticos. A su vez, el ministro de Modernizaci\u00f3n, Andr\u00e9s Ibarra, planea enviar este a\u00f1o una ley al Congreso en la que Naci\u00f3n y provincias promover\u00e1n el ingreso a los cargos en el Estado por concursos p\u00fablicos. &nbsp; El plan de&#8230;<\/p>\n","protected":false},"author":3,"featured_media":20537,"comment_status":"closed","ping_status":"closed","sticky":false,"template":"","format":"standard","meta":[],"categories":[2],"tags":[],"_links":{"self":[{"href":"https:\/\/www.actualidadadiario.com\/index.php\/wp-json\/wp\/v2\/posts\/20536"}],"collection":[{"href":"https:\/\/www.actualidadadiario.com\/index.php\/wp-json\/wp\/v2\/posts"}],"about":[{"href":"https:\/\/www.actualidadadiario.com\/index.php\/wp-json\/wp\/v2\/types\/post"}],"author":[{"embeddable":true,"href":"https:\/\/www.actualidadadiario.com\/index.php\/wp-json\/wp\/v2\/users\/3"}],"replies":[{"embeddable":true,"href":"https:\/\/www.actualidadadiario.com\/index.php\/wp-json\/wp\/v2\/comments?post=20536"}],"version-history":[{"count":1,"href":"https:\/\/www.actualidadadiario.com\/index.php\/wp-json\/wp\/v2\/posts\/20536\/revisions"}],"predecessor-version":[{"id":20538,"href":"https:\/\/www.actualidadadiario.com\/index.php\/wp-json\/wp\/v2\/posts\/20536\/revisions\/20538"}],"wp:featuredmedia":[{"embeddable":true,"href":"https:\/\/www.actualidadadiario.com\/index.php\/wp-json\/wp\/v2\/media\/20537"}],"wp:attachment":[{"href":"https:\/\/www.actualidadadiario.com\/index.php\/wp-json\/wp\/v2\/media?parent=20536"}],"wp:term":[{"taxonomy":"category","embeddable":true,"href":"https:\/\/www.actualidadadiario.com\/index.php\/wp-json\/wp\/v2\/categories?post=20536"},{"taxonomy":"post_tag","embeddable":true,"href":"https:\/\/www.actualidadadiario.com\/index.php\/wp-json\/wp\/v2\/tags?post=20536"}],"curies":[{"name":"wp","href":"https:\/\/api.w.org\/{rel}","templated":true}]}}