{"id":20521,"date":"2017-11-22T09:58:34","date_gmt":"2017-11-22T12:58:34","guid":{"rendered":"http:\/\/actualidadadiario.com\/site\/?p=20521"},"modified":"2017-11-22T09:58:34","modified_gmt":"2017-11-22T12:58:34","slug":"en-el-epre-estiman-probable-un-aumento-acumulado-de-la-luz-del-38-por-ciento","status":"publish","type":"post","link":"https:\/\/www.actualidadadiario.com\/index.php\/2017\/11\/22\/en-el-epre-estiman-probable-un-aumento-acumulado-de-la-luz-del-38-por-ciento\/","title":{"rendered":"En el EPRE estiman probable un aumento acumulado de la luz del 38 por ciento"},"content":{"rendered":"<p><em><strong>Aunque Luciano Paul\u00edn admiti\u00f3 que no hay una notificaci\u00f3n oficial, a partir de diciembre la tarifa aumentar\u00eda un 21 por ciento y en febrero otro 13 por ciento<\/strong><\/em><\/p>\n<p>&nbsp;<\/p>\n<p>&nbsp;<\/p>\n<p>&nbsp;<\/p>\n<p>El Director del Ente Provincial de la Energ\u00eda de Entre R\u00edos (EPRE), Luciano Paul\u00edn dijo que en la provincia todav\u00eda no se analiza un aumento de las tarifas de energ\u00eda el\u00e9ctrica, pero estim\u00f3 que es probable que ello suceda. \u201cLo que he le\u00eddo es que va a haber un aumento del 21 por ciento, a lo que se sumar\u00e1 un 13 por ciento en febrero\u201d del componente nacional.<\/p>\n<p>&nbsp;<\/p>\n<p>Paul\u00edn afirm\u00f3 que \u201ccada vez que hay un anuncio para Buenos Aires, indefectiblemente nos afecta al resto de las provincias. Y la realidad es que en el distrito bonaerense hab\u00eda una distorsi\u00f3n de tarifas muy importante respecto de lo que pagamos en el resto del interior del pa\u00eds\u201d. En declaraciones a Radio M\u00e1xima, apunt\u00f3: \u201cAhora bien, ya el ministro Aranguren anunci\u00f3 d\u00edas atr\u00e1s que habr\u00eda un aumento del componente nacional de la energ\u00eda el\u00e9ctrica, pero a\u00fan no se ha concretado una notificaci\u00f3n formal, pese a que hay fuertes rumores que esto tendr\u00eda lugar en los pr\u00f3ximos d\u00edas\u201d.<\/p>\n<p>&nbsp;<\/p>\n<p>Paul\u00edn consign\u00f3 que \u201csi bien a\u00fan no hay precisiones, lo que s\u00ed he le\u00eddo es que a partir del 1\u00ba de diciembre la tarifa sufrir\u00eda un incremento del 21 por ciento y, a partir del 1\u00ba de febrero de 2018, otro 13 por ciento m\u00e1s, lo que en la pr\u00e1ctica terminar\u00e1 siendo de 38 por ciento porque se trata de aumentos acumulados de ese componente nacional\u201d.<\/p>\n<p>&nbsp;<\/p>\n<p>No obstante, Paul\u00edn insisti\u00f3 que \u201cpor el momento hasta el 31 de diciembre rigen en Entre R\u00edos las tarifas vigentes actualmente, y no estamos notificados de que hayan nuevos incrementos, pero ser\u00eda probable que ocurra\u201d.<\/p>\n","protected":false},"excerpt":{"rendered":"<p>Aunque Luciano Paul\u00edn admiti\u00f3 que no hay una notificaci\u00f3n oficial, a partir de diciembre la tarifa aumentar\u00eda un 21 por ciento y en febrero otro 13 por ciento &nbsp; &nbsp; &nbsp; El Director del Ente Provincial de la Energ\u00eda de Entre R\u00edos (EPRE), Luciano Paul\u00edn dijo que en la provincia todav\u00eda no se analiza un aumento de las tarifas de energ\u00eda el\u00e9ctrica, pero estim\u00f3 que es probable que ello suceda. \u201cLo que he le\u00eddo es que va a haber un aumento del 21 por ciento, a lo que se sumar\u00e1&#8230;<\/p>\n","protected":false},"author":3,"featured_media":20522,"comment_status":"closed","ping_status":"closed","sticky":false,"template":"","format":"standard","meta":[],"categories":[9,15],"tags":[],"_links":{"self":[{"href":"https:\/\/www.actualidadadiario.com\/index.php\/wp-json\/wp\/v2\/posts\/20521"}],"collection":[{"href":"https:\/\/www.actualidadadiario.com\/index.php\/wp-json\/wp\/v2\/posts"}],"about":[{"href":"https:\/\/www.actualidadadiario.com\/index.php\/wp-json\/wp\/v2\/types\/post"}],"author":[{"embeddable":true,"href":"https:\/\/www.actualidadadiario.com\/index.php\/wp-json\/wp\/v2\/users\/3"}],"replies":[{"embeddable":true,"href":"https:\/\/www.actualidadadiario.com\/index.php\/wp-json\/wp\/v2\/comments?post=20521"}],"version-history":[{"count":1,"href":"https:\/\/www.actualidadadiario.com\/index.php\/wp-json\/wp\/v2\/posts\/20521\/revisions"}],"predecessor-version":[{"id":20523,"href":"https:\/\/www.actualidadadiario.com\/index.php\/wp-json\/wp\/v2\/posts\/20521\/revisions\/20523"}],"wp:featuredmedia":[{"embeddable":true,"href":"https:\/\/www.actualidadadiario.com\/index.php\/wp-json\/wp\/v2\/media\/20522"}],"wp:attachment":[{"href":"https:\/\/www.actualidadadiario.com\/index.php\/wp-json\/wp\/v2\/media?parent=20521"}],"wp:term":[{"taxonomy":"category","embeddable":true,"href":"https:\/\/www.actualidadadiario.com\/index.php\/wp-json\/wp\/v2\/categories?post=20521"},{"taxonomy":"post_tag","embeddable":true,"href":"https:\/\/www.actualidadadiario.com\/index.php\/wp-json\/wp\/v2\/tags?post=20521"}],"curies":[{"name":"wp","href":"https:\/\/api.w.org\/{rel}","templated":true}]}}