{"id":20518,"date":"2017-11-22T09:57:52","date_gmt":"2017-11-22T12:57:52","guid":{"rendered":"http:\/\/actualidadadiario.com\/site\/?p=20518"},"modified":"2017-11-22T09:57:52","modified_gmt":"2017-11-22T12:57:52","slug":"se-realizaran-asambleas-este-miercoles-en-defensa-de-la-ley-de-salud-mental","status":"publish","type":"post","link":"https:\/\/www.actualidadadiario.com\/index.php\/2017\/11\/22\/se-realizaran-asambleas-este-miercoles-en-defensa-de-la-ley-de-salud-mental\/","title":{"rendered":"Se realizar\u00e1n asambleas este mi\u00e9rcoles en defensa de la Ley de Salud Mental"},"content":{"rendered":"<p><em><strong>Este mi\u00e9rcoles a las 10 se realizar\u00e1n asambleas simult\u00e1neas en los diferentes servicios de salud mental de la provincia con la finalidad de discutir la situaci\u00f3n de la ley Nacional de Salud Mental, inform\u00f3 ATE<\/strong><\/em><\/p>\n<p>&nbsp;<\/p>\n<p>&nbsp;<\/p>\n<p>&nbsp;<\/p>\n<p>\u201cAnte el intento de modificaci\u00f3n del decreto reglamentario de la ley 26.657 los trabajadores de la salud mental junto a distintos organismos del sector nos movilizamos en defensa de la ley. Creemos que est\u00e1s modificaciones van en perjuicio de los derechos de los usuarios y de las instituciones que pluralmente garantizan la aplicaci\u00f3n de la misma\u201d, indic\u00f3 el gremio.<\/p>\n","protected":false},"excerpt":{"rendered":"<p>Este mi\u00e9rcoles a las 10 se realizar\u00e1n asambleas simult\u00e1neas en los diferentes servicios de salud mental de la provincia con la finalidad de discutir la situaci\u00f3n de la ley Nacional de Salud Mental, inform\u00f3 ATE &nbsp; &nbsp; &nbsp; \u201cAnte el intento de modificaci\u00f3n del decreto reglamentario de la ley 26.657 los trabajadores de la salud mental junto a distintos organismos del sector nos movilizamos en defensa de la ley. Creemos que est\u00e1s modificaciones van en perjuicio de los derechos de los usuarios y de las instituciones que pluralmente garantizan la&#8230;<\/p>\n","protected":false},"author":3,"featured_media":20519,"comment_status":"closed","ping_status":"closed","sticky":false,"template":"","format":"standard","meta":[],"categories":[15],"tags":[],"_links":{"self":[{"href":"https:\/\/www.actualidadadiario.com\/index.php\/wp-json\/wp\/v2\/posts\/20518"}],"collection":[{"href":"https:\/\/www.actualidadadiario.com\/index.php\/wp-json\/wp\/v2\/posts"}],"about":[{"href":"https:\/\/www.actualidadadiario.com\/index.php\/wp-json\/wp\/v2\/types\/post"}],"author":[{"embeddable":true,"href":"https:\/\/www.actualidadadiario.com\/index.php\/wp-json\/wp\/v2\/users\/3"}],"replies":[{"embeddable":true,"href":"https:\/\/www.actualidadadiario.com\/index.php\/wp-json\/wp\/v2\/comments?post=20518"}],"version-history":[{"count":1,"href":"https:\/\/www.actualidadadiario.com\/index.php\/wp-json\/wp\/v2\/posts\/20518\/revisions"}],"predecessor-version":[{"id":20520,"href":"https:\/\/www.actualidadadiario.com\/index.php\/wp-json\/wp\/v2\/posts\/20518\/revisions\/20520"}],"wp:featuredmedia":[{"embeddable":true,"href":"https:\/\/www.actualidadadiario.com\/index.php\/wp-json\/wp\/v2\/media\/20519"}],"wp:attachment":[{"href":"https:\/\/www.actualidadadiario.com\/index.php\/wp-json\/wp\/v2\/media?parent=20518"}],"wp:term":[{"taxonomy":"category","embeddable":true,"href":"https:\/\/www.actualidadadiario.com\/index.php\/wp-json\/wp\/v2\/categories?post=20518"},{"taxonomy":"post_tag","embeddable":true,"href":"https:\/\/www.actualidadadiario.com\/index.php\/wp-json\/wp\/v2\/tags?post=20518"}],"curies":[{"name":"wp","href":"https:\/\/api.w.org\/{rel}","templated":true}]}}