{"id":20515,"date":"2017-11-22T09:57:10","date_gmt":"2017-11-22T12:57:10","guid":{"rendered":"http:\/\/actualidadadiario.com\/site\/?p=20515"},"modified":"2017-11-22T09:57:10","modified_gmt":"2017-11-22T12:57:10","slug":"el-gobierno-avanza-en-la-agenda-legislativa-con-diputados","status":"publish","type":"post","link":"https:\/\/www.actualidadadiario.com\/index.php\/2017\/11\/22\/el-gobierno-avanza-en-la-agenda-legislativa-con-diputados\/","title":{"rendered":"El gobierno avanza en la agenda legislativa con diputados"},"content":{"rendered":"<p><em><strong>Para tratar temas incluidos en la agenda legislativa, el gobernador Gustavo Bordet, junto a la ministra de Gobierno, Rosario Romero, se reuni\u00f3 este martes con los diputados provinciales Diego Lara y Juan Jos\u00e9 Bahillo<\/strong><\/em><\/p>\n<p>&nbsp;<\/p>\n<p>&nbsp;<\/p>\n<p>&nbsp;<\/p>\n<p>\u201cHaremos todos los esfuerzos para que el proyecto de Presupuesto 2018 sea aprobado por unanimidad o por la mayor cantidad de diputados posible\u201d, afirm\u00f3 Bahillo.<\/p>\n<p>&nbsp;<\/p>\n<p>El primer mandatario entrerriano recibi\u00f3 al presidente de la Comisi\u00f3n de Legislaci\u00f3n General de la C\u00e1mara de Diputados, Diego Lara; al diputado Bahillo y a la ministra Rosario Romero que es coordinadora entre el Poder Ejecutivo y las C\u00e1maras de Diputados y Senadores de la provincia para tratar temas de la agenda que gobierno defini\u00f3 como prioritaria para las \u00faltimas semanas del a\u00f1o.<\/p>\n<p>&nbsp;<\/p>\n<p>\u201cEsta agenda se fue conformando a partir de reuniones que realiz\u00f3 el gobernador con los presidentes de los distintos bloques legislativos\u201d, dijo Bahillo y agreg\u00f3 que &#8220;se van definiendo prioridades y vamos haciendo los trabajos y acuerdos legislativos, tratando de lograr los consensos\u201d.<\/p>\n<p>&nbsp;<\/p>\n<p>Asimismo, coment\u00f3 que \u201cen principio en esta semana estaremos tratando el proyecto de ley de Presupuesto 2018 y haremos todos los esfuerzos para que sea aprobado por unanimidad o por la mayor cantidad de diputados posible. Y tambi\u00e9n otros temas que la oposici\u00f3n ha pedido y estamos en condiciones de establecer acuerdos y consensos para favorecer la tarea legislativa\u201d.<\/p>\n<p>&nbsp;<\/p>\n<p>Consultado sobre los temas considerados prioritarios, respondi\u00f3: &#8220;Son varios, entre ellos la adhesi\u00f3n a la ley pymes de la Naci\u00f3n, la ley de consorcios camineros, la transformaci\u00f3n de las juntas de gobierno en comunas, otra vinculada a gastos reservados. Algunas son iniciativas del Poder Ejecutivo y otras de la oposici\u00f3n, algunas est\u00e1n en Diputados y otra en Senadores. Es un trabajo arduo el que queda para este \u00faltimo mes y medio del a\u00f1o pero vamos a tratar de avanzar lo m\u00e1ximo posible y si no algunas cuestiones quedar\u00e1n como prioridad para el pr\u00f3ximo per\u00edodo legislativo\u201d.<\/p>\n","protected":false},"excerpt":{"rendered":"<p>Para tratar temas incluidos en la agenda legislativa, el gobernador Gustavo Bordet, junto a la ministra de Gobierno, Rosario Romero, se reuni\u00f3 este martes con los diputados provinciales Diego Lara y Juan Jos\u00e9 Bahillo &nbsp; &nbsp; &nbsp; \u201cHaremos todos los esfuerzos para que el proyecto de Presupuesto 2018 sea aprobado por unanimidad o por la mayor cantidad de diputados posible\u201d, afirm\u00f3 Bahillo. &nbsp; El primer mandatario entrerriano recibi\u00f3 al presidente de la Comisi\u00f3n de Legislaci\u00f3n General de la C\u00e1mara de Diputados, Diego Lara; al diputado Bahillo y a la ministra&#8230;<\/p>\n","protected":false},"author":3,"featured_media":20516,"comment_status":"closed","ping_status":"closed","sticky":false,"template":"","format":"standard","meta":[],"categories":[15],"tags":[],"_links":{"self":[{"href":"https:\/\/www.actualidadadiario.com\/index.php\/wp-json\/wp\/v2\/posts\/20515"}],"collection":[{"href":"https:\/\/www.actualidadadiario.com\/index.php\/wp-json\/wp\/v2\/posts"}],"about":[{"href":"https:\/\/www.actualidadadiario.com\/index.php\/wp-json\/wp\/v2\/types\/post"}],"author":[{"embeddable":true,"href":"https:\/\/www.actualidadadiario.com\/index.php\/wp-json\/wp\/v2\/users\/3"}],"replies":[{"embeddable":true,"href":"https:\/\/www.actualidadadiario.com\/index.php\/wp-json\/wp\/v2\/comments?post=20515"}],"version-history":[{"count":1,"href":"https:\/\/www.actualidadadiario.com\/index.php\/wp-json\/wp\/v2\/posts\/20515\/revisions"}],"predecessor-version":[{"id":20517,"href":"https:\/\/www.actualidadadiario.com\/index.php\/wp-json\/wp\/v2\/posts\/20515\/revisions\/20517"}],"wp:featuredmedia":[{"embeddable":true,"href":"https:\/\/www.actualidadadiario.com\/index.php\/wp-json\/wp\/v2\/media\/20516"}],"wp:attachment":[{"href":"https:\/\/www.actualidadadiario.com\/index.php\/wp-json\/wp\/v2\/media?parent=20515"}],"wp:term":[{"taxonomy":"category","embeddable":true,"href":"https:\/\/www.actualidadadiario.com\/index.php\/wp-json\/wp\/v2\/categories?post=20515"},{"taxonomy":"post_tag","embeddable":true,"href":"https:\/\/www.actualidadadiario.com\/index.php\/wp-json\/wp\/v2\/tags?post=20515"}],"curies":[{"name":"wp","href":"https:\/\/api.w.org\/{rel}","templated":true}]}}