{"id":20512,"date":"2017-11-22T09:56:16","date_gmt":"2017-11-22T12:56:16","guid":{"rendered":"http:\/\/actualidadadiario.com\/site\/?p=20512"},"modified":"2017-11-22T09:56:16","modified_gmt":"2017-11-22T12:56:16","slug":"bordet-convocara-a-gremios-organizaciones-civiles-y-legisladores-a-un-debate-amplio-por-el-sistema-jubilatorio","status":"publish","type":"post","link":"https:\/\/www.actualidadadiario.com\/index.php\/2017\/11\/22\/bordet-convocara-a-gremios-organizaciones-civiles-y-legisladores-a-un-debate-amplio-por-el-sistema-jubilatorio\/","title":{"rendered":"Bordet  convocar\u00e1 a gremios, organizaciones civiles y legisladores a un \u201cdebate amplio\u201d por el sistema jubilatorio"},"content":{"rendered":"<p><em><strong>El gobernador Gustavo Bordet llam\u00f3 a corregir los reg\u00edmenes que \u201cdistorsionan el funcionamiento de la Caja de Jubilaciones\u201d. Para eso adelant\u00f3 que convocar\u00e1 a los gremios y organizaciones a \u201cun debate amplio\u201d. Pidi\u00f3 \u201csinceridad\u201d y \u201cmucha franqueza\u201d para que \u201cpodamos tener previsibilidad\u201d<\/strong><\/em><\/p>\n<p>&nbsp;<\/p>\n<p>&nbsp;<\/p>\n<p>&nbsp;<\/p>\n<p>\u201cNo podemos guardar o esconder la basura debajo de la alfombra sino que hay que abrir este debate\u201d, afirm\u00f3 Bordet luego de protagonizar la entrega de aportes de los programas Mejor es Hacer y Poder Popular en el barrio Gaucho Rivero de Paran\u00e1.<\/p>\n<p>&nbsp;<\/p>\n<p>En ese marco, el mandatario convoc\u00f3 a &#8220;dar un debate muy amplio, sincero, con mucha franqueza\u201d en torno al sistema previsional de la provincia \u201cpara poder analizar situaciones que no tienen que ver con derecho adquiridos, que correspondan leg\u00edtimamente, pero s\u00ed con muchas inequidades y privilegios, con reg\u00edmenes que distorsionan el funcionamiento de la Caja de Jubilaciones\u201d, y agreg\u00f3: \u201cesto hay que corregirlo, y para eso hay que dar un gran debate\u201d.<\/p>\n<p>&nbsp;<\/p>\n<p>El llamado es \u201ca todas las organizaciones gremiales, a la sociedad civil\u201d, adelant\u00f3 Bordet y explic\u00f3 que el motivo de la convocatoria es \u201cpara que podamos tener previsibilidad en el futuro, que no se vean vulnerados los derechos adquiridos de nuestros jubilados; y lo m\u00e1s importante: que los trabajadores activos que est\u00e1n aportando puedan tener estos beneficios jubilatorios el d\u00eda de ma\u00f1ana\u201d.<\/p>\n<p>&nbsp;<\/p>\n<p>Por otra parte, el mandatario se refiri\u00f3 a la ubicaci\u00f3n de Entre R\u00edos como segunda provincia en el ranking de responsabilidad fiscal: \u201ctrabajamos ordenadamente, cumpliendo metas que, por ejemplo este a\u00f1o, superamos con creces\u201d, dijo al referirse al resultado elaborado por la Asociaci\u00f3n Argentina de Presupuesto y Administraci\u00f3n Financiera P\u00fablica.<\/p>\n<p>&nbsp;<\/p>\n<p>En esa l\u00ednea, Bordet explic\u00f3 que el trabajo en materia fiscal \u201cpermiti\u00f3 estabilizar la provincia y hacerla ordenada, previsible, que permita la aplicaci\u00f3n de recursos efectivos en obra p\u00fablica, como lo venimos haciendo\u201d, y agreg\u00f3: \u201cen todos los departamentos de la provincia siempre hay obras educativas, viales, de salud\u201d.<\/p>\n<p>&nbsp;<\/p>\n<p>\u201cEstamos haciendo un esfuerzo muy grande en materia de transparencia, de actos de gobierno, todo se publica\u201d, dijo y subray\u00f3 que \u201cel acceso a la informaci\u00f3n p\u00fablica funciona en Entre R\u00edos de manera impecable, cualquier persona puede acceder a la informaci\u00f3n que requieran\u201d.<\/p>\n<p>&nbsp;<\/p>\n<p>Por \u00faltimo, reiter\u00f3 que esta semana enviar\u00e1 el proyecto del pacto fiscal para que se refrende, a trav\u00e9s de Diputados y Senadores, porque &#8220;nos interesa primera percibir los beneficios que tiene este pacto para Entre R\u00edos, casualmente en materia previsional es el m\u00e1s importante\u201d.<\/p>\n<p>&nbsp;<\/p>\n<p>Tambi\u00e9n, el proyecto permitir\u00e1 que \u201cmuchos contribuyentes tengan aliviada la carga tributaria para el a\u00f1o pr\u00f3ximo que es la reforma impositiva que hab\u00eda comprometido con todos los sectores empresarios y productivos de la provincia\u201d. \u201cPara eso es necesario la ratificaci\u00f3n de este pacto que se har\u00e1 antes de fin de a\u00f1o\u201d, agreg\u00f3.<\/p>\n","protected":false},"excerpt":{"rendered":"<p>El gobernador Gustavo Bordet llam\u00f3 a corregir los reg\u00edmenes que \u201cdistorsionan el funcionamiento de la Caja de Jubilaciones\u201d. Para eso adelant\u00f3 que convocar\u00e1 a los gremios y organizaciones a \u201cun debate amplio\u201d. Pidi\u00f3 \u201csinceridad\u201d y \u201cmucha franqueza\u201d para que \u201cpodamos tener previsibilidad\u201d &nbsp; &nbsp; &nbsp; \u201cNo podemos guardar o esconder la basura debajo de la alfombra sino que hay que abrir este debate\u201d, afirm\u00f3 Bordet luego de protagonizar la entrega de aportes de los programas Mejor es Hacer y Poder Popular en el barrio Gaucho Rivero de Paran\u00e1. &nbsp; En&#8230;<\/p>\n","protected":false},"author":3,"featured_media":20513,"comment_status":"closed","ping_status":"closed","sticky":false,"template":"","format":"standard","meta":[],"categories":[9,15],"tags":[],"_links":{"self":[{"href":"https:\/\/www.actualidadadiario.com\/index.php\/wp-json\/wp\/v2\/posts\/20512"}],"collection":[{"href":"https:\/\/www.actualidadadiario.com\/index.php\/wp-json\/wp\/v2\/posts"}],"about":[{"href":"https:\/\/www.actualidadadiario.com\/index.php\/wp-json\/wp\/v2\/types\/post"}],"author":[{"embeddable":true,"href":"https:\/\/www.actualidadadiario.com\/index.php\/wp-json\/wp\/v2\/users\/3"}],"replies":[{"embeddable":true,"href":"https:\/\/www.actualidadadiario.com\/index.php\/wp-json\/wp\/v2\/comments?post=20512"}],"version-history":[{"count":1,"href":"https:\/\/www.actualidadadiario.com\/index.php\/wp-json\/wp\/v2\/posts\/20512\/revisions"}],"predecessor-version":[{"id":20514,"href":"https:\/\/www.actualidadadiario.com\/index.php\/wp-json\/wp\/v2\/posts\/20512\/revisions\/20514"}],"wp:featuredmedia":[{"embeddable":true,"href":"https:\/\/www.actualidadadiario.com\/index.php\/wp-json\/wp\/v2\/media\/20513"}],"wp:attachment":[{"href":"https:\/\/www.actualidadadiario.com\/index.php\/wp-json\/wp\/v2\/media?parent=20512"}],"wp:term":[{"taxonomy":"category","embeddable":true,"href":"https:\/\/www.actualidadadiario.com\/index.php\/wp-json\/wp\/v2\/categories?post=20512"},{"taxonomy":"post_tag","embeddable":true,"href":"https:\/\/www.actualidadadiario.com\/index.php\/wp-json\/wp\/v2\/tags?post=20512"}],"curies":[{"name":"wp","href":"https:\/\/api.w.org\/{rel}","templated":true}]}}