{"id":20509,"date":"2017-11-22T09:55:31","date_gmt":"2017-11-22T12:55:31","guid":{"rendered":"http:\/\/actualidadadiario.com\/site\/?p=20509"},"modified":"2017-11-22T09:55:31","modified_gmt":"2017-11-22T12:55:31","slug":"informe-sanitario-sobre-la-situacion-de-los-agroquimicos-de-entre-rios","status":"publish","type":"post","link":"https:\/\/www.actualidadadiario.com\/index.php\/2017\/11\/22\/informe-sanitario-sobre-la-situacion-de-los-agroquimicos-de-entre-rios\/","title":{"rendered":"Informe sanitario sobre la situaci\u00f3n de los agroqu\u00edmicos de Entre R\u00edos"},"content":{"rendered":"<p><em><strong>Desde el Ministerio de Salud, a partir de un requerimiento de la Direcci\u00f3n de Epidemiolog\u00eda de la provincia, se realiz\u00f3 un encuentro con autoridades de la Secretar\u00eda de la Producci\u00f3n y legisladores para analizar el impacto sobre la salud de la utilizaci\u00f3n incorrecta de agroqu\u00edmicos<\/strong><\/em><\/p>\n<p>&nbsp;<\/p>\n<p>&nbsp;<\/p>\n<p>&nbsp;<\/p>\n<p>En la oportunidad se dialog\u00f3 sobre la forma de producci\u00f3n actual en la provincia y el control del uso de agroqu\u00edmicos. A ese respecto el equipo del Ministerio de Salud inform\u00f3 que las denuncias recibidas por intoxicaciones por agroqu\u00edmicos son notificadas y derivadas a Producci\u00f3n como \u00f3rgano de contralor de la normativa vigente.<\/p>\n<p>&nbsp;<\/p>\n<p>En el encuentro se desarrollaron temas relacionados a la epidemiolog\u00eda del c\u00e1ncer que comprenden desde el estudio de la causalidad hasta las limitaciones para establecer asociaciones con las exposiciones a agroqu\u00edmicos. En este punto se destaca la importancia del proceso de control y fiscalizaci\u00f3n como principal herramienta de prevenci\u00f3n para la salud ya que los indicadores de impacto epidemiol\u00f3gico -incidencia y mortalidad- no permiten establecer precozmente el da\u00f1o que ocasionan sobre la salud y el medioambiente.<\/p>\n<p>&nbsp;<\/p>\n<p>En ese contexto, la cartera sanitaria recalc\u00f3 que existen efectos nocivos para la salud a corto, mediano y largo plazo. Especialmente sobre los sistemas respiratorios, cardiovascular, dermatol\u00f3gicos y hemotol\u00f3gicos que van desde leves hasta potencialmente letales.<\/p>\n<p>&nbsp;<\/p>\n<p>Se expuso sobre la evidencia actual respecto a la asociaci\u00f3n Glifosato y c\u00e1ncer donde se referenci\u00f3 que la Agencia Internacional para la Investigaci\u00f3n del C\u00e1ncer (IARC) concluy\u00f3 que este producto qu\u00edmico cambie de categor\u00eda siendo ahora 2A, es decir posible cancer\u00edgeno para las personas sobre todo en cuanto a tumores del tipo hematol\u00f3gicos. Sin embargo, esta clasificaci\u00f3n, no implica una definici\u00f3n absoluta sobre el tema y contin\u00faa siendo evaluada la evidencia al respecto.<\/p>\n<p>&nbsp;<\/p>\n<p>En materia de intervenciones sanitarias concretas, a trav\u00e9s del Sistema Nacional de Vigilancia en Salud (SNVS), se reciben e investigan las denuncias sobre intoxicaci\u00f3n por plaguicidas.<\/p>\n<p>&nbsp;<\/p>\n<p>Desde 2012, la cartera efect\u00faa capacitaciones para que personal de salud, obreros y docentes de zonas rurales con el objeto de que se interioricen sobre el protocolo de actuaci\u00f3n ante la exposici\u00f3n a los agroqu\u00edmicos. Puntualmente al personal de salud se lo instruye sobre el manejo inicial del paciente intoxicado y la importancia de la denuncia obligatoria a trav\u00e9s de la Ficha de Exposici\u00f3n\/Intoxicaci\u00f3n con Plaguicidas.<\/p>\n<p>&nbsp;<\/p>\n<p>En 2014 se particip\u00f3 en la elaboraci\u00f3n de la Ley de Plaguicidas presentada por el ex senador Eduardo Melchiori, brindando asesoramiento toxicol\u00f3gico, y haciendo fuertes sugerencias con respecto a la prohibici\u00f3n de la fumigaci\u00f3n a\u00e9rea y restricci\u00f3n y\/o prohibici\u00f3n del uso de algunos agroqu\u00edmicos en todo el territorio provincial.<\/p>\n<p>&nbsp;<\/p>\n<p>Adem\u00e1s se est\u00e1 brindando informaci\u00f3n y asesoramiento a los municipios que lo requieren, tal el caso de Urdinarrain, Gualeguaych\u00fa y San Salvador, sobre intoxicaciones por plaguicidas e investigaci\u00f3n epidemiol\u00f3gica.<\/p>\n","protected":false},"excerpt":{"rendered":"<p>Desde el Ministerio de Salud, a partir de un requerimiento de la Direcci\u00f3n de Epidemiolog\u00eda de la provincia, se realiz\u00f3 un encuentro con autoridades de la Secretar\u00eda de la Producci\u00f3n y legisladores para analizar el impacto sobre la salud de la utilizaci\u00f3n incorrecta de agroqu\u00edmicos &nbsp; &nbsp; &nbsp; En la oportunidad se dialog\u00f3 sobre la forma de producci\u00f3n actual en la provincia y el control del uso de agroqu\u00edmicos. A ese respecto el equipo del Ministerio de Salud inform\u00f3 que las denuncias recibidas por intoxicaciones por agroqu\u00edmicos son notificadas y&#8230;<\/p>\n","protected":false},"author":3,"featured_media":20510,"comment_status":"closed","ping_status":"closed","sticky":false,"template":"","format":"standard","meta":[],"categories":[15],"tags":[],"_links":{"self":[{"href":"https:\/\/www.actualidadadiario.com\/index.php\/wp-json\/wp\/v2\/posts\/20509"}],"collection":[{"href":"https:\/\/www.actualidadadiario.com\/index.php\/wp-json\/wp\/v2\/posts"}],"about":[{"href":"https:\/\/www.actualidadadiario.com\/index.php\/wp-json\/wp\/v2\/types\/post"}],"author":[{"embeddable":true,"href":"https:\/\/www.actualidadadiario.com\/index.php\/wp-json\/wp\/v2\/users\/3"}],"replies":[{"embeddable":true,"href":"https:\/\/www.actualidadadiario.com\/index.php\/wp-json\/wp\/v2\/comments?post=20509"}],"version-history":[{"count":1,"href":"https:\/\/www.actualidadadiario.com\/index.php\/wp-json\/wp\/v2\/posts\/20509\/revisions"}],"predecessor-version":[{"id":20511,"href":"https:\/\/www.actualidadadiario.com\/index.php\/wp-json\/wp\/v2\/posts\/20509\/revisions\/20511"}],"wp:featuredmedia":[{"embeddable":true,"href":"https:\/\/www.actualidadadiario.com\/index.php\/wp-json\/wp\/v2\/media\/20510"}],"wp:attachment":[{"href":"https:\/\/www.actualidadadiario.com\/index.php\/wp-json\/wp\/v2\/media?parent=20509"}],"wp:term":[{"taxonomy":"category","embeddable":true,"href":"https:\/\/www.actualidadadiario.com\/index.php\/wp-json\/wp\/v2\/categories?post=20509"},{"taxonomy":"post_tag","embeddable":true,"href":"https:\/\/www.actualidadadiario.com\/index.php\/wp-json\/wp\/v2\/tags?post=20509"}],"curies":[{"name":"wp","href":"https:\/\/api.w.org\/{rel}","templated":true}]}}