{"id":20506,"date":"2017-11-22T09:54:50","date_gmt":"2017-11-22T12:54:50","guid":{"rendered":"http:\/\/actualidadadiario.com\/site\/?p=20506"},"modified":"2017-11-22T09:54:50","modified_gmt":"2017-11-22T12:54:50","slug":"el-gobierno-provincial-acompano-la-inauguracion-de-la-nueva-delegacion-de-la-policia-federal-argentina-en-chajari","status":"publish","type":"post","link":"https:\/\/www.actualidadadiario.com\/index.php\/2017\/11\/22\/el-gobierno-provincial-acompano-la-inauguracion-de-la-nueva-delegacion-de-la-policia-federal-argentina-en-chajari\/","title":{"rendered":"El gobierno provincial acompa\u00f1\u00f3 la inauguraci\u00f3n de la nueva delegaci\u00f3n de la Polic\u00eda Federal Argentina en Chajar\u00ed"},"content":{"rendered":"<p><em><strong>La ministra de Gobierno y Justicia, Rosario Romero, acompa\u00f1\u00f3 la inauguraci\u00f3n de la delegaci\u00f3n de la Polic\u00eda Federal Argentina en Chajar\u00ed, junto a la ministra de Seguridad de la Naci\u00f3n, Patricia Bullrich, el jefe de la (PFA), N\u00e9stor Roncaglia y el jefe de la Polic\u00eda de Entre R\u00edos, Gustavo Maslein<\/strong><\/em><\/p>\n<p>&nbsp;<\/p>\n<p>&nbsp;<\/p>\n<p>&nbsp;<\/p>\n<p>&nbsp;<\/p>\n<p>La delegaci\u00f3n contar\u00e1 con una dotaci\u00f3n de 69 agentes. \u201cEs un logro estrat\u00e9gico, sobre todo si se tiene en cuenta que todos los Estados estamos bregando por el combate a un delito tan trascendente como es el Narcotr\u00e1fico. En este sentido, que las fuerzas nacionales puedan combinar la labor con nuestra Polic\u00eda provincial, con nuestros jueces y fiscales, es muy conveniente. M\u00e1s aun cuando en la provincia estamos tratando la posibilidad de investigar el narcomenudeo\u201d, subray\u00f3 Romero.<\/p>\n<p>&nbsp;<\/p>\n<p>En este marco, remarc\u00f3: \u201cEl ensamble y la combinaci\u00f3n de esfuerzos entre la fuerza nacional y la provincial es vital. El equipamiento que se utiliz\u00f3 para esta delegaci\u00f3n es muy importante y sirve, por lo menos, para seis departamentos de la provincia&#8221;.<\/p>\n<p>&nbsp;<\/p>\n<p>La ministra de Seguridad de la Naci\u00f3n, Patricia Bullrich, salud\u00f3 a los presentes y celebr\u00f3 la inauguraci\u00f3n de la delegaci\u00f3n. \u201cMe parece un gesto loable de parte del jefe de la Polic\u00eda Federal elegir a Chajar\u00ed como lugar estrat\u00e9gico para incorporar esta fuerza. Desde que iniciamos la gesti\u00f3n queremos reivindicar las fuerzas de nuestro pa\u00eds para luchar juntos contra el narcotr\u00e1fico\u201d, detall\u00f3.<\/p>\n<p>&nbsp;<\/p>\n<p>Al tiempo, se\u00f1al\u00f3: \u201cHoy la ciudadan\u00eda sabe perfectamente que el narcotr\u00e1fico tiene un freno; que no lo dejamos pasar y que no vamos a dejar que la Argentina sea un pa\u00eds amable para el narcotr\u00e1fico. No nos importa si el que lo hace es pol\u00edtico, juez o jefe de Seguridad, el que es narcotraficante es el enemigo de la Naci\u00f3n, en ese sentido damos pelea\u201d.<\/p>\n<p>&nbsp;<\/p>\n<p>Por otra parte, el jefe de la Polic\u00eda Federal Argentina, N\u00e9stor Roncaglia, felicit\u00f3 el nombramiento de la ministra, Rosario Romero, a cargo de la cartera de Gobierno en la provincia. \u201cEs un honor para m\u00ed participar en la inauguraci\u00f3n de esta delegaci\u00f3n junto a las autoridades nacionales, provinciales y municipales. Este trabajo tiene como objetivo la federalizaci\u00f3n de la Polic\u00eda Federal Argentina que hasta el momento se encontraba solo en Buenos Aires\u201d, inform\u00f3 Roncaglia.<\/p>\n<p>&nbsp;<\/p>\n<p>\u201cCon este nuevo paradigma, el trabajo de luchar contra el crimen organizado en todo el pa\u00eds, espec\u00edficamente contra el narcotr\u00e1fico, nos da una oportunidad de articulaci\u00f3n con las polic\u00edas provinciales para dar pelea a estas distintas modalidades de delito\u201d, concluy\u00f3.<\/p>\n<p>&nbsp;<\/p>\n<p>La nueva delegaci\u00f3n, al mando del subcomisario, Ariel Tridente, cuenta con una dotaci\u00f3n de 69 personas, nueve veh\u00edculos y un can detector de narc\u00f3ticos. Tambi\u00e9n, est\u00e1 equipada con sistemas port\u00e1tiles de identificaci\u00f3n de patentes, sistema de planillas prontuariales digitales (SASI) y sistema de identificaci\u00f3n de personas Morpho Touch.<\/p>\n<p>&nbsp;<\/p>\n<p>Al finalizar el acto, del que particip\u00f3 tambi\u00e9n el subsecretario de Seguridad de la Naci\u00f3n, Eugenio Burzaco, los funcionarios cortaron la cinta y recorrieron las instalaciones del nuevo departamento de la Polic\u00eda Federal Argentina en Chajar\u00ed, que tiene como jurisdicci\u00f3n los departamentos de Concordia, Federaci\u00f3n, Federal, Col\u00f3n, San Salvador, San Jos\u00e9 y Feliciano.<\/p>\n","protected":false},"excerpt":{"rendered":"<p>La ministra de Gobierno y Justicia, Rosario Romero, acompa\u00f1\u00f3 la inauguraci\u00f3n de la delegaci\u00f3n de la Polic\u00eda Federal Argentina en Chajar\u00ed, junto a la ministra de Seguridad de la Naci\u00f3n, Patricia Bullrich, el jefe de la (PFA), N\u00e9stor Roncaglia y el jefe de la Polic\u00eda de Entre R\u00edos, Gustavo Maslein &nbsp; &nbsp; &nbsp; &nbsp; La delegaci\u00f3n contar\u00e1 con una dotaci\u00f3n de 69 agentes. \u201cEs un logro estrat\u00e9gico, sobre todo si se tiene en cuenta que todos los Estados estamos bregando por el combate a un delito tan trascendente como es&#8230;<\/p>\n","protected":false},"author":3,"featured_media":20507,"comment_status":"closed","ping_status":"closed","sticky":false,"template":"","format":"standard","meta":[],"categories":[15],"tags":[],"_links":{"self":[{"href":"https:\/\/www.actualidadadiario.com\/index.php\/wp-json\/wp\/v2\/posts\/20506"}],"collection":[{"href":"https:\/\/www.actualidadadiario.com\/index.php\/wp-json\/wp\/v2\/posts"}],"about":[{"href":"https:\/\/www.actualidadadiario.com\/index.php\/wp-json\/wp\/v2\/types\/post"}],"author":[{"embeddable":true,"href":"https:\/\/www.actualidadadiario.com\/index.php\/wp-json\/wp\/v2\/users\/3"}],"replies":[{"embeddable":true,"href":"https:\/\/www.actualidadadiario.com\/index.php\/wp-json\/wp\/v2\/comments?post=20506"}],"version-history":[{"count":1,"href":"https:\/\/www.actualidadadiario.com\/index.php\/wp-json\/wp\/v2\/posts\/20506\/revisions"}],"predecessor-version":[{"id":20508,"href":"https:\/\/www.actualidadadiario.com\/index.php\/wp-json\/wp\/v2\/posts\/20506\/revisions\/20508"}],"wp:featuredmedia":[{"embeddable":true,"href":"https:\/\/www.actualidadadiario.com\/index.php\/wp-json\/wp\/v2\/media\/20507"}],"wp:attachment":[{"href":"https:\/\/www.actualidadadiario.com\/index.php\/wp-json\/wp\/v2\/media?parent=20506"}],"wp:term":[{"taxonomy":"category","embeddable":true,"href":"https:\/\/www.actualidadadiario.com\/index.php\/wp-json\/wp\/v2\/categories?post=20506"},{"taxonomy":"post_tag","embeddable":true,"href":"https:\/\/www.actualidadadiario.com\/index.php\/wp-json\/wp\/v2\/tags?post=20506"}],"curies":[{"name":"wp","href":"https:\/\/api.w.org\/{rel}","templated":true}]}}