{"id":20500,"date":"2017-11-21T09:41:03","date_gmt":"2017-11-21T12:41:03","guid":{"rendered":"http:\/\/actualidadadiario.com\/site\/?p=20500"},"modified":"2017-11-21T09:41:03","modified_gmt":"2017-11-21T12:41:03","slug":"la-onu-exige-investigar-urgentemente-la-venta-de-esclavos-en-libia","status":"publish","type":"post","link":"https:\/\/www.actualidadadiario.com\/index.php\/2017\/11\/21\/la-onu-exige-investigar-urgentemente-la-venta-de-esclavos-en-libia\/","title":{"rendered":"La ONU exige investigar urgentemente la venta de esclavos en Libia"},"content":{"rendered":"<p><em><strong>El tr\u00e1fico qued\u00f3 registrado en im\u00e1genes emitidas por la cadena\u00a0 CNN<\/strong><\/em><\/p>\n<p>&nbsp;<\/p>\n<p>&nbsp;<\/p>\n<p>&nbsp;<\/p>\n<p>El secretario general de la ONU, Antonio Guterres, se declar\u00f3 &#8220;horrorizado&#8221; por la supuesta venta en Libia de migrantes africanos como esclavos y exigi\u00f3 una investigaci\u00f3n urgente para llevar a los responsables ante la Justicia.<\/p>\n<p>&nbsp;<\/p>\n<p>&#8220;La esclavitud no tiene sitio en nuestro mundo. Estas acciones est\u00e1n entre los abusos m\u00e1s atroces de los derechos humanos y pueden suponer cr\u00edmenes contra la humanidad&#8221;, dijo Guterres a los periodistas.<\/p>\n<p>&nbsp;<\/p>\n<p>El jefe de Naciones Unidas respondi\u00f3 as\u00ed a las im\u00e1genes emitidas en los \u00faltimos d\u00edas por la cadena estadounidense CNN en la que aparecen migrantes subsaharianos que aparentemente est\u00e1n siendo subastados como esclavos en alg\u00fan lugar de Libia.<\/p>\n<p>&nbsp;<\/p>\n<p>Por unos 500 d\u00f3lares, hombres y mujeres son vendidos en nuevos mercados de esclavos en Libia. Son aquellos que cruzan el pa\u00eds con la esperanza de alcanzar Europa. Nuevas im\u00e1genes publicadas en sendos v\u00eddeos del South China Morning Post y CNN dan cuenta de las subastas en las que inmigrantes de Nigeria, Gambia o Ghana son vendidos al mejor postor.<\/p>\n<p>&nbsp;<\/p>\n<p>&#8220;Hombre fuerte para trabajar en el campo&#8221;, anuncia el subastador mientras apoya la mano en el hombro de un hombre subsahariano, vestido de blanco, en el primer video, grabado en agosto en una localizaci\u00f3n sin precisar en el oeste de Libia. Otros tantos esperan su turno mientras el tratante grita n\u00fameros frente a un p\u00fablico fuera de plano.<\/p>\n<p>&nbsp;<\/p>\n<p>Guterres pidi\u00f3 a &#8220;todas las autoridades competentes que investiguen estas actividades sin retraso y lleven a los responsables ante la Justicia&#8221;.<\/p>\n<p>&nbsp;<\/p>\n<p>Adem\u00e1s, dijo que le solicit\u00f3 a personal de Naciones Unidas que se encargue &#8220;activamente&#8221; de esta cuesti\u00f3n.<\/p>\n<p>&nbsp;<\/p>\n<p>El diplom\u00e1tico portugu\u00e9s pidi\u00f3 a la comunidad internacional uni\u00f3n para combatir el tr\u00e1fico de personas y, en ese sentido, urgi\u00f3 a todos los pa\u00edses a adoptar la convenci\u00f3n de la ONU contra el crimen trasnacional organizado y su protocolo sobre trata de seres humanos.<\/p>\n<p>&nbsp;<\/p>\n<p>&#8220;Esto tambi\u00e9n nos recuerda la necesidad de responder a los flujos migratorios de forma global y humana: a trav\u00e9s de la cooperaci\u00f3n al desarrollo para dar respuesta a las causas de ra\u00edz, con un aumento significativo de las oportunidades de migraci\u00f3n legal y con una mayor cooperaci\u00f3n internacional contra los contrabandistas y traficantes y para proteger los derechos de sus v\u00edctimas&#8221;, a\u00f1adi\u00f3.<\/p>\n<p>&nbsp;<\/p>\n<p>Guterres convoc\u00f3 a los medios para leer su declaraci\u00f3n sobre la supuesta venta de esclavos en Libia, pero no admiti\u00f3 ninguna pregunta.<\/p>\n<p>&nbsp;<\/p>\n<p>La ONU trata desde hace a\u00f1os de mediar para poner fin a la fractura pol\u00edtica que se vive en el pa\u00eds africano desde que en 2011 la Organizaci\u00f3n del Tratado del Atl\u00e1ntico Norte (OTAN) contribuyera al triunfo de los rebeldes frente a la dictadura de Muamar Kadafi.<\/p>\n<p>&nbsp;<\/p>\n<p>El conflicto ha convertido a Libia en un Estado fallido, controlado por distintas autoridades y grupos armados y con una gran presencia de grupos terroristas y mafias dedicadas a todo tipo de contrabandos.<\/p>\n","protected":false},"excerpt":{"rendered":"<p>El tr\u00e1fico qued\u00f3 registrado en im\u00e1genes emitidas por la cadena\u00a0 CNN &nbsp; &nbsp; &nbsp; El secretario general de la ONU, Antonio Guterres, se declar\u00f3 &#8220;horrorizado&#8221; por la supuesta venta en Libia de migrantes africanos como esclavos y exigi\u00f3 una investigaci\u00f3n urgente para llevar a los responsables ante la Justicia. &nbsp; &#8220;La esclavitud no tiene sitio en nuestro mundo. Estas acciones est\u00e1n entre los abusos m\u00e1s atroces de los derechos humanos y pueden suponer cr\u00edmenes contra la humanidad&#8221;, dijo Guterres a los periodistas. &nbsp; El jefe de Naciones Unidas respondi\u00f3 as\u00ed&#8230;<\/p>\n","protected":false},"author":3,"featured_media":20501,"comment_status":"closed","ping_status":"closed","sticky":false,"template":"","format":"standard","meta":[],"categories":[4],"tags":[],"_links":{"self":[{"href":"https:\/\/www.actualidadadiario.com\/index.php\/wp-json\/wp\/v2\/posts\/20500"}],"collection":[{"href":"https:\/\/www.actualidadadiario.com\/index.php\/wp-json\/wp\/v2\/posts"}],"about":[{"href":"https:\/\/www.actualidadadiario.com\/index.php\/wp-json\/wp\/v2\/types\/post"}],"author":[{"embeddable":true,"href":"https:\/\/www.actualidadadiario.com\/index.php\/wp-json\/wp\/v2\/users\/3"}],"replies":[{"embeddable":true,"href":"https:\/\/www.actualidadadiario.com\/index.php\/wp-json\/wp\/v2\/comments?post=20500"}],"version-history":[{"count":1,"href":"https:\/\/www.actualidadadiario.com\/index.php\/wp-json\/wp\/v2\/posts\/20500\/revisions"}],"predecessor-version":[{"id":20502,"href":"https:\/\/www.actualidadadiario.com\/index.php\/wp-json\/wp\/v2\/posts\/20500\/revisions\/20502"}],"wp:featuredmedia":[{"embeddable":true,"href":"https:\/\/www.actualidadadiario.com\/index.php\/wp-json\/wp\/v2\/media\/20501"}],"wp:attachment":[{"href":"https:\/\/www.actualidadadiario.com\/index.php\/wp-json\/wp\/v2\/media?parent=20500"}],"wp:term":[{"taxonomy":"category","embeddable":true,"href":"https:\/\/www.actualidadadiario.com\/index.php\/wp-json\/wp\/v2\/categories?post=20500"},{"taxonomy":"post_tag","embeddable":true,"href":"https:\/\/www.actualidadadiario.com\/index.php\/wp-json\/wp\/v2\/tags?post=20500"}],"curies":[{"name":"wp","href":"https:\/\/api.w.org\/{rel}","templated":true}]}}