{"id":20497,"date":"2017-11-21T09:40:10","date_gmt":"2017-11-21T12:40:10","guid":{"rendered":"http:\/\/actualidadadiario.com\/site\/?p=20497"},"modified":"2017-11-21T09:40:10","modified_gmt":"2017-11-21T12:40:10","slug":"murio-el-radical-victor-martinez-ex-vicepresidente-de-raul-alfonsin","status":"publish","type":"post","link":"https:\/\/www.actualidadadiario.com\/index.php\/2017\/11\/21\/murio-el-radical-victor-martinez-ex-vicepresidente-de-raul-alfonsin\/","title":{"rendered":"Muri\u00f3 el radical V\u00edctor Mart\u00ednez, ex vicepresidente de Ra\u00fal Alfons\u00edn"},"content":{"rendered":"<p><em><strong>Ten\u00eda 92 a\u00f1os y falleci\u00f3 en su casa de Villa Allende, C\u00f3rdoba, a causa de una grave enfermedad. Fue el vice de Ra\u00fal Alfons\u00edn en el retorno de la democracia<\/strong><\/em><\/p>\n<p>&nbsp;<\/p>\n<p>&nbsp;<\/p>\n<p>&nbsp;<\/p>\n<p>El ex vicepresidente radical V\u00edctor Mart\u00ednez muri\u00f3 este lunes a los 92 a\u00f1os en su casa de la localidad de Villa Allende, en C\u00f3rdoba, como consecuencia de una grave enfermedad.<\/p>\n<p>&nbsp;<\/p>\n<p>Mart\u00ednez asumi\u00f3 como vicepresidente de la Naci\u00f3n el 10 de diciembre de 1983, luego de que la f\u00f3rmula que integr\u00f3 junto al tambi\u00e9n radical Ra\u00fal Alfons\u00edn se impusiera en los comicios presidenciales de ese a\u00f1o, en el retorno de la democracia.<\/p>\n<p>&nbsp;<\/p>\n<p>El abogado y dirigente de la UCR muri\u00f3 un d\u00eda antes de cumplir los 93 a\u00f1os, ya que hab\u00eda nacido el 21 de noviembre de 1924 en la ciudad de C\u00f3rdoba.<\/p>\n<p>&nbsp;<\/p>\n<p>&#8220;Un d\u00eda muy triste: ha muerto V\u00edctor Mart\u00ednez. Despedimos a uno de los \u00faltimos pol\u00edticos de raza, un radical que honr\u00f3 con lealtad y manos limpias la Vicepresidencia de la Naci\u00f3n. Mi abrazo desde el coraz\u00f3n a su familia&#8221;, afirm\u00f3 el diputado nacional por el radicalismo Ricardo Alfons\u00edn.<\/p>\n<p>&nbsp;<\/p>\n<p>El hijo del expresidente public\u00f3 ese mensaje en la red social Twitter junto a un afiche de la campa\u00f1a de 1983, que conten\u00eda una foto de su padre con Mart\u00ednez y el eslogan &#8220;M\u00e1s que una salida electoral es una entrada a la vida. Alfons\u00edn-Mart\u00ednez&#8221;.<\/p>\n<p>&nbsp;<\/p>\n<p>Tambi\u00e9n despidi\u00f3 al dirigente de la UCR el intendente de la ciudad de C\u00f3rdoba, Ram\u00f3n Mestre, que decret\u00f3 tres d\u00edas de duelo.<\/p>\n<p>&nbsp;<\/p>\n<p>&#8220;Siento un profundo pesar por el fallecimiento de V\u00edctor Mart\u00ednez, ex vicepresidente e Intendente de C\u00f3rdoba, hombre de bien y hombre de Estado&#8221;, se\u00f1al\u00f3 Mestre en su cuenta de Twitter.<\/p>\n","protected":false},"excerpt":{"rendered":"<p>Ten\u00eda 92 a\u00f1os y falleci\u00f3 en su casa de Villa Allende, C\u00f3rdoba, a causa de una grave enfermedad. Fue el vice de Ra\u00fal Alfons\u00edn en el retorno de la democracia &nbsp; &nbsp; &nbsp; El ex vicepresidente radical V\u00edctor Mart\u00ednez muri\u00f3 este lunes a los 92 a\u00f1os en su casa de la localidad de Villa Allende, en C\u00f3rdoba, como consecuencia de una grave enfermedad. &nbsp; Mart\u00ednez asumi\u00f3 como vicepresidente de la Naci\u00f3n el 10 de diciembre de 1983, luego de que la f\u00f3rmula que integr\u00f3 junto al tambi\u00e9n radical Ra\u00fal Alfons\u00edn&#8230;<\/p>\n","protected":false},"author":3,"featured_media":20498,"comment_status":"closed","ping_status":"closed","sticky":false,"template":"","format":"standard","meta":[],"categories":[4],"tags":[],"_links":{"self":[{"href":"https:\/\/www.actualidadadiario.com\/index.php\/wp-json\/wp\/v2\/posts\/20497"}],"collection":[{"href":"https:\/\/www.actualidadadiario.com\/index.php\/wp-json\/wp\/v2\/posts"}],"about":[{"href":"https:\/\/www.actualidadadiario.com\/index.php\/wp-json\/wp\/v2\/types\/post"}],"author":[{"embeddable":true,"href":"https:\/\/www.actualidadadiario.com\/index.php\/wp-json\/wp\/v2\/users\/3"}],"replies":[{"embeddable":true,"href":"https:\/\/www.actualidadadiario.com\/index.php\/wp-json\/wp\/v2\/comments?post=20497"}],"version-history":[{"count":1,"href":"https:\/\/www.actualidadadiario.com\/index.php\/wp-json\/wp\/v2\/posts\/20497\/revisions"}],"predecessor-version":[{"id":20499,"href":"https:\/\/www.actualidadadiario.com\/index.php\/wp-json\/wp\/v2\/posts\/20497\/revisions\/20499"}],"wp:featuredmedia":[{"embeddable":true,"href":"https:\/\/www.actualidadadiario.com\/index.php\/wp-json\/wp\/v2\/media\/20498"}],"wp:attachment":[{"href":"https:\/\/www.actualidadadiario.com\/index.php\/wp-json\/wp\/v2\/media?parent=20497"}],"wp:term":[{"taxonomy":"category","embeddable":true,"href":"https:\/\/www.actualidadadiario.com\/index.php\/wp-json\/wp\/v2\/categories?post=20497"},{"taxonomy":"post_tag","embeddable":true,"href":"https:\/\/www.actualidadadiario.com\/index.php\/wp-json\/wp\/v2\/tags?post=20497"}],"curies":[{"name":"wp","href":"https:\/\/api.w.org\/{rel}","templated":true}]}}