{"id":18281,"date":"2017-10-04T10:19:25","date_gmt":"2017-10-04T13:19:25","guid":{"rendered":"http:\/\/actualidadadiario.com\/site\/?p=18281"},"modified":"2017-10-04T10:19:25","modified_gmt":"2017-10-04T13:19:25","slug":"la-demora-en-la-terminacion-de-la-ruta-18-protagonizo-la-sesion-del-senado","status":"publish","type":"post","link":"https:\/\/www.actualidadadiario.com\/index.php\/2017\/10\/04\/la-demora-en-la-terminacion-de-la-ruta-18-protagonizo-la-sesion-del-senado\/","title":{"rendered":"La demora en la terminaci\u00f3n de la ruta 18 protagoniz\u00f3 la sesi\u00f3n del Senado"},"content":{"rendered":"<p><em><strong>La C\u00e1mara de Senadores aprob\u00f3 un proyecto de comunicaci\u00f3n por el que se repudia los dichos del jefe de Gabinete, Marcos Pe\u00f1a, quien hab\u00eda afirmado que \u201cno es prioridad de la finalizaci\u00f3n de la autov\u00eda sobre la nacional 18\u201d. Los senadores tambi\u00e9n aprobaron el proyecto de ley por el que Entre R\u00edos adhiere a la ley de Fomento a las Inversiones y la iniciativa que crea un programa de promoci\u00f3n cultural<\/strong><\/em><\/p>\n<p>&nbsp;<\/p>\n<p>&nbsp;<\/p>\n<p>&nbsp;<\/p>\n<p>El Cuerpo aprob\u00f3 un proyecto de Comunicaci\u00f3n de los senadores de Villaguay, San Salvador y Concordia, Mario Torres, Lucas Larrarte y \u00c1ngel Giano, respectivamente, expresando repudio y preocupaci\u00f3n por las manifestaciones del jefe de gabinete de ministros Marcos Pe\u00f1a, en ocasi\u00f3n de informar a los Diputados Nacionales, en las que afirmo que \u201cno es prioridad de la finalizaci\u00f3n de la autov\u00eda sobre la nacional 18\u201d, que atraviesa Entre R\u00edos de Este a Oeste y es estrat\u00e9gica en las comunicaciones regionales.<\/p>\n<p>&nbsp;<\/p>\n<p>Cabe mencionar que, en un encuentro realizado en Paran\u00e1, del que particip\u00f3 el ministro de transporte de la Naci\u00f3n, Guillermo Dietrich, le fue planteado el tema por empresarios al funcionario.<\/p>\n<p>&nbsp;<\/p>\n<p>El senador Torres explic\u00f3 que se vio sorprendido ante los dichos de Pe\u00f1a, lo que fue tambi\u00e9n dicho por Frigerio, ministro del Interior, quien dijo que no hay volumen suficiente de veh\u00edculos que justifiquen la inversi\u00f3n. Inmediatamente dio a conocer una serie de estad\u00edsticas que sustentan el reclamo entrerriano.<\/p>\n<p>&nbsp;<\/p>\n<p>Revel\u00f3 que el tr\u00e1nsito medio diario anual es desde 1.860 hasta 4.050 en cercan\u00edas de Villaguay, zona donde se dan de modo recurrente accidentes que con la construcci\u00f3n de la autov\u00eda ser\u00edan evitables. \u201cHubo en cuatro a\u00f1os 120 v\u00edctimas de diverso grado en accidentes\u201d, dijo y agreg\u00f3 que hay una gran cantidad de veh\u00edculos pesados que usan en el tr\u00e1nsito de Brasil a Chile, por lo que se demuestra la importancia de la obra para la consolidaci\u00f3n del Mercosur.<\/p>\n<p>&nbsp;<\/p>\n<p>En sus fundamentos, rechaz\u00f3 los dichos del intendente de Sauce de Luna, Jorge Lacoste, e inform\u00f3 que se ha reclamado medidas m\u00ednimas de seguridad a la Direcci\u00f3n Nacional de Vialidad.<\/p>\n<p>&nbsp;<\/p>\n<p>Tambi\u00e9n se refiri\u00f3 al tema el senador Giano, quien sostuvo que \u201cesto es una muestra m\u00e1s de discriminaci\u00f3n a la provincia de Entre R\u00edos\u201d.<\/p>\n<p>&nbsp;<\/p>\n<p>\u201cLo que es seguro es que en el presupuesto 2018 no est\u00e1 contemplada la obra\u201d, puntualiz\u00f3, lamentando la baja incidencia que tiene Entre R\u00edos en el plan de obra p\u00fablica, ya que el 60 por ciento del total va para las provincias de Buenos Aires, C\u00f3rdoba y Capital Federal\u201d.<\/p>\n<p>&nbsp;<\/p>\n<p>Tambi\u00e9n se refirieron al tema los senadores de Gualeguaych\u00fa, Nicol\u00e1s Mattiauda, quien adelant\u00f3 el rechazo de su bloque; Lucas Larrarte, de San Salvador, quien relat\u00f3 detalles de la demanda de su cabecera departamental por obras de seguridad y despu\u00e9s el senador Kisser dijo estar obligado a referirse al tema y anticip\u00f3 la posibilidad de gestionar a favor de la terminaci\u00f3n de la obra en un futuro mediato.<\/p>\n<p>&nbsp;<\/p>\n<p>El senador Canali record\u00f3 las personas de su localidad que han muerto en accidentes en la ruta 18, en las cercan\u00edas de Villaguay. Sumaron sus expresiones y posturas los representantes de Feliciano, Mirian Espinoza y de Tala, Exequiel Blanco.<\/p>\n<p>&nbsp;<\/p>\n<p>Sum\u00f3 argumentos a favor el senador de Uruguay, Ren\u00e9 Bonato, que lament\u00f3 que esta ruta no sea una prioridad, sobre todo por la cantidad de vidas perdidas. Opin\u00f3 el Senador de Gualeguay, Francisco Morchio, quien rechaz\u00f3 algunos argumentos vertidos y habl\u00f3 del estado general negativo de la red vial provincial.<\/p>\n<p>&nbsp;<\/p>\n<p>&nbsp;<\/p>\n<p><strong>Fomento a las inversiones<\/strong><\/p>\n<p>En la sesi\u00f3n se le dio media sanci\u00f3n, por unanimidad, con despacho favorable de la Comisi\u00f3n de Producci\u00f3n, al proyecto de ley que adhiere a Entre R\u00edos al t\u00edtulo III, fomento a las inversiones, de la ley nacional 27.264.<\/p>\n<p>&nbsp;<\/p>\n<p>Puntualmente \u201cse propone que las micro, peque\u00f1as y medianas empresas que realicen inversiones en bienes de capital u obras de infraestructura, en los t\u00e9rminos y plazos previstos en la norma nacional, gozar\u00e1n de estabilidad fiscal en la provincia desde la entrada en vigencia de esta iniciativa, hasta el 31 de diciembre de 2018 en relaci\u00f3n a Impuestos sobre los Ingresos Brutos y el impuesto de sellos a los pagar\u00e9s emitidos para negociar en el mercado de valores\u201d.<\/p>\n<p>&nbsp;<\/p>\n<p>&nbsp;<\/p>\n<p><strong>Promoci\u00f3n Cultural<\/strong><\/p>\n<p>En la sesi\u00f3n recibi\u00f3 media sanci\u00f3n un proyecto de ley del senador del departamento Col\u00f3n, Pablo Canali. Se trata de la iniciativa que crea el \u201cprograma Provincial de Promoci\u00f3n cultural, Art\u00edstica, Deportiva y Desarrollo Cient\u00edfico\u201d, que tiene el objeto de estimular y facilitar el desarrollo de actividades de Responsabilidad Social Empresaria en esas \u00e1reas contenidas.<\/p>\n<p>&nbsp;<\/p>\n<p>Cont\u00f3 con despacho de las comisiones de Presupuesto y Hacienda y de Educaci\u00f3n, Ciencia y Tecnolog\u00eda, que preside el Senador Francisco Morchio, quien destac\u00f3 en el recinto los alcances del proyecto.<\/p>\n<p>&nbsp;<\/p>\n<p>Por su parte Canali dijo que \u201cse trata de un programa por el que el Estado puede intervenir en promociones desde la secretaria de Cultura y podr\u00edan recibir apoyo de diversos sectores, sean personas f\u00edsicas o jur\u00eddicas, para poder ser llevados adelante\u201d.<\/p>\n<p>&nbsp;<\/p>\n<p>Las empresas podr\u00edan recibir beneficios en descuentos impositivos razonables. \u201cSi logramos que esto sea ley, la provincia tendr\u00e1 una herramienta muy potente para poder acompa\u00f1ar el deporte, la educaci\u00f3n, la investigaci\u00f3n\u201d, enfatiz\u00f3.<\/p>\n<p>&nbsp;<\/p>\n<p>&nbsp;<\/p>\n<p><strong>Contra la reforma en Riesgos de Trabajo<\/strong><\/p>\n<p>Por otra parte, se aprob\u00f3 una resoluci\u00f3n por la que el Senado repudia la resoluci\u00f3n 760\/17 de la Superintendencia de Riesgos de Trabajo, por resultar violatoria de la ley 25.326 y del derecho a la privacidad y al libre ejercicio de la profesi\u00f3n de abogados.<\/p>\n<p>&nbsp;<\/p>\n<p>El senador Larrarte explic\u00f3 que el rechazo a esta resoluci\u00f3n ser\u00e1 parte del an\u00e1lisis en un Congreso que se va a realizar en Gualeguaych\u00fa. Histori\u00f3 el modo en que los trabajadores han recibido o perdido beneficios a lo largo del tiempo.<\/p>\n<p>&nbsp;<\/p>\n<p>A\u00f1adi\u00f3 que la reforma laboral ya empez\u00f3 cuando se comenz\u00f3 a atacar a los trabajadores con consideraciones negativas desde el inicio de la gesti\u00f3n de Cambiemos. \u201cSiempre se empieza deslegitimar a la clase trabajadora\u201d, opin\u00f3.<\/p>\n<p>&nbsp;<\/p>\n<p>Record\u00f3 que ya se han hechos reformas legales, con la excusa de desmontar una supuesta industria de juicios laborales.\u00a0 Adem\u00e1s, rechaz\u00f3 estad\u00edsticas destinadas a justificar reformas en las leyes que protegen a los trabajadores.<\/p>\n<p>&nbsp;<\/p>\n<p>El registro es con la excusa de estudiar litigiosidad, pero cuando uno observa los datos que se solicitan, aparecen datos que aparentan la confecci\u00f3n de una lista negra. \u201cEs violatorio de los derechos de los abogados y sus clientes\u201d, puntualiz\u00f3.<\/p>\n<p>&nbsp;<\/p>\n<p>&nbsp;<\/p>\n<p><strong>Cafesg<\/strong><\/p>\n<p>El Senado tambi\u00e9n rechaz\u00f3 las declaraciones del diputado provincial Joaqu\u00edn Lamadrid, en las que sugiri\u00f3 disolver la Comisi\u00f3n Administradora para el Fondo Especial de Salto Grande.<\/p>\n<p>&nbsp;<\/p>\n<p>Sobre el particular habl\u00f3 el senador Giano, recordando las expresiones de dirigentes que se presentan a favor de cerrar un sector del Estado. \u201cMe recuerda a los 90, desfinancian el organismo y despu\u00e9s piden que se cierre\u201d, afirm\u00f3.<\/p>\n<p>&nbsp;<\/p>\n<p>Mencion\u00f3 que las productoras de energ\u00eda han sido de los sectores que m\u00e1s han facturado y ganado dinero, lo que se hace en desmedro de Salto Grande.<\/p>\n<p>&nbsp;<\/p>\n<p>Rese\u00f1o el fuerte apoyo que el rechazo a la postura de Lamadrid cosech\u00f3 en toda la regi\u00f3n de Salto Grande, sin distinci\u00f3n de bander\u00eda partidaria, incluidos los representantes de la oposici\u00f3n en el directorio de la Cafesg.<\/p>\n<p>&nbsp;<\/p>\n<p>En el recinto estaban presentes trabajadores de la Comisi\u00f3n Administradora del Fondo Especial de Salto Grande.<\/p>\n<p>&nbsp;<\/p>\n<p>&nbsp;<\/p>\n<p><strong>Temas reservados y aprobados<\/strong><\/p>\n<p>Posteriormente los senadores trataron y dieron media sanci\u00f3n al proyecto de ley del Senador de Paran\u00e1, Raymundo Kisser, por que se autoriza al Poder Ejecutivo a aceptar el ofrecimiento de donaci\u00f3n de un inmueble ubicado en el distrito Espinillo, centro rural de poblaci\u00f3n de Espinillo Norte, con el cargo de destinarlo a la sede de la Junta de Gobierno de esa localidad, donde se proyect\u00f3 la construcci\u00f3n de un sal\u00f3n de uso m\u00faltiples, un pozo de agua semi surgente y una sala de primeros auxilios.<\/p>\n<p>&nbsp;<\/p>\n<p>Luego se dio sanci\u00f3n definitiva al proyecto de ley que autoriza al Instituto Aut\u00e1rquico de Planeamiento y Vivienda a transferir a t\u00edtulo de donaci\u00f3n gratuita a un grupo de vecinos, un inmueble ubicado en calle Arias Montiel 122 de la capital entrerriana, con lo que se da soluci\u00f3n a un inconveniente de vieja data.<\/p>\n<p>&nbsp;<\/p>\n<p>El senador Kisser record\u00f3 que ese inmueble fue originariamente donado al IAPV para que all\u00ed se construyeran viviendas, pero posteriormente los estudios de factibilidad desaconsejaron la consecuci\u00f3n. Esto aconteci\u00f3 hace muchos a\u00f1os y los donantes originales, han pedido la restituci\u00f3n, lo que se hace efectivo con este proyecto que pasa ahora al Ejecutivo para su promulgaci\u00f3n.<\/p>\n<p>&nbsp;<\/p>\n<p>Estaban presentes en el recinto los beneficiarios de esta iniciativa.<\/p>\n<p>&nbsp;<\/p>\n<p>Se declar\u00f3 de inter\u00e9s legislativo, social y cultural del a la celebraci\u00f3n del centenario de la creaci\u00f3n de la escuela 5 \u201cEsteban Echeverr\u00eda\u201d, ubicada en ejido este de la ciudad de San Jos\u00e9 de Feliciano.<\/p>\n<p>&nbsp;<\/p>\n<p>Lo propio aconteci\u00f3 con los actos conmemorativos por el centenario de la escuela \u201cJuan Bautista Cabral\u201d de la ciudad de La Paz, cuyos festejos centrales se realizar\u00e1n el 18 de noviembre del corriente<\/p>\n<p>&nbsp;<\/p>\n<p>Se declar\u00f3 de inter\u00e9s legislativo la celebraci\u00f3n del 110\u00ba aniversario de la Sociedad Rural de Victoria y la 95\u00ba exposici\u00f3n, a realizarse los d\u00edas 7 y 8 de octubre del corriente.<\/p>\n<p>&nbsp;<\/p>\n<p>Los senadores declararon de inter\u00e9s la celebraci\u00f3n nacional de los 500 a\u00f1os de la reforma Luterana, a realizarse los d\u00edas 14 y 15 de octubre del corriente, en el centro de convenciones de la ciudad de Concordia<\/p>\n<p>&nbsp;<\/p>\n<p>Y se declar\u00f3 de inter\u00e9s el 1\u00ba Seminario \u201cCanta\u201d organizado por el grupo de teatro de Rosario del Tala, a llevarse a cabo del 31 de octubre al 2 de noviembre del corriente.<\/p>\n","protected":false},"excerpt":{"rendered":"<p>La C\u00e1mara de Senadores aprob\u00f3 un proyecto de comunicaci\u00f3n por el que se repudia los dichos del jefe de Gabinete, Marcos Pe\u00f1a, quien hab\u00eda afirmado que \u201cno es prioridad de la finalizaci\u00f3n de la autov\u00eda sobre la nacional 18\u201d. Los senadores tambi\u00e9n aprobaron el proyecto de ley por el que Entre R\u00edos adhiere a la ley de Fomento a las Inversiones y la iniciativa que crea un programa de promoci\u00f3n cultural &nbsp; &nbsp; &nbsp; El Cuerpo aprob\u00f3 un proyecto de Comunicaci\u00f3n de los senadores de Villaguay, San Salvador y Concordia,&#8230;<\/p>\n","protected":false},"author":3,"featured_media":18282,"comment_status":"closed","ping_status":"closed","sticky":false,"template":"","format":"standard","meta":[],"categories":[15],"tags":[],"_links":{"self":[{"href":"https:\/\/www.actualidadadiario.com\/index.php\/wp-json\/wp\/v2\/posts\/18281"}],"collection":[{"href":"https:\/\/www.actualidadadiario.com\/index.php\/wp-json\/wp\/v2\/posts"}],"about":[{"href":"https:\/\/www.actualidadadiario.com\/index.php\/wp-json\/wp\/v2\/types\/post"}],"author":[{"embeddable":true,"href":"https:\/\/www.actualidadadiario.com\/index.php\/wp-json\/wp\/v2\/users\/3"}],"replies":[{"embeddable":true,"href":"https:\/\/www.actualidadadiario.com\/index.php\/wp-json\/wp\/v2\/comments?post=18281"}],"version-history":[{"count":1,"href":"https:\/\/www.actualidadadiario.com\/index.php\/wp-json\/wp\/v2\/posts\/18281\/revisions"}],"predecessor-version":[{"id":18283,"href":"https:\/\/www.actualidadadiario.com\/index.php\/wp-json\/wp\/v2\/posts\/18281\/revisions\/18283"}],"wp:featuredmedia":[{"embeddable":true,"href":"https:\/\/www.actualidadadiario.com\/index.php\/wp-json\/wp\/v2\/media\/18282"}],"wp:attachment":[{"href":"https:\/\/www.actualidadadiario.com\/index.php\/wp-json\/wp\/v2\/media?parent=18281"}],"wp:term":[{"taxonomy":"category","embeddable":true,"href":"https:\/\/www.actualidadadiario.com\/index.php\/wp-json\/wp\/v2\/categories?post=18281"},{"taxonomy":"post_tag","embeddable":true,"href":"https:\/\/www.actualidadadiario.com\/index.php\/wp-json\/wp\/v2\/tags?post=18281"}],"curies":[{"name":"wp","href":"https:\/\/api.w.org\/{rel}","templated":true}]}}