{"id":18278,"date":"2017-10-04T10:18:29","date_gmt":"2017-10-04T13:18:29","guid":{"rendered":"http:\/\/actualidadadiario.com\/site\/?p=18278"},"modified":"2017-10-04T10:18:29","modified_gmt":"2017-10-04T13:18:29","slug":"giano-explico-por-que-se-reclama-ahora-la-provincializacion-de-salto-grande","status":"publish","type":"post","link":"https:\/\/www.actualidadadiario.com\/index.php\/2017\/10\/04\/giano-explico-por-que-se-reclama-ahora-la-provincializacion-de-salto-grande\/","title":{"rendered":"Giano explic\u00f3 por qu\u00e9 se reclama ahora la provincializaci\u00f3n de Salto Grande"},"content":{"rendered":"<p><em><strong>Ante las cr\u00edticas de algunos dirigentes de Cambiemos que cuestionan que no se haya propuesto la provincializaci\u00f3n de Salto Grande durante las tres gestiones kirchneristas, el senador provincial \u00c1ngel Giano explic\u00f3 detalladamente \u201cpor qu\u00e9 ahora\u201d se realiza este reclamo. Adem\u00e1s pidi\u00f3 a la oposici\u00f3n que respalde esta iniciativa: \u201cSi algo nos tiene que unir, m\u00e1s all\u00e1 de cualquier diferencia ideol\u00f3gica, es la defensa de los intereses y los derechos de los entrerrianos\u201d, dijo<\/strong><\/em><\/p>\n<p>&nbsp;<\/p>\n<p>&nbsp;<\/p>\n<p>&nbsp;<\/p>\n<p>\u201c\u00bfPor qu\u00e9 ahora?\u201d se titula un comunicado que el presidente del bloque de senadores provinciales del FpV, \u00c1ngel Giano, envi\u00f3 a esta Agencia y en el que se da cuenta de los argumentos que llevaron a impulsar la provincializaci\u00f3n de la represa.<\/p>\n<p>&nbsp;<\/p>\n<p>En este marco, el legislador sostuvo: \u201cLa provincializaci\u00f3n de la represa Salto Grande es un reclamo hist\u00f3rico y multipartidario de Entre R\u00edos, as\u00ed como tambi\u00e9n el derecho de los entrerrianos a pagar la energ\u00eda m\u00e1s barata\u201d.<\/p>\n<p>&nbsp;<\/p>\n<p>\u201cBasta recordar la sanci\u00f3n de la Ley Nacional 24.909 en 1997, que dispon\u00eda dicha transferencia (y que fuera vetada por el entonces presidente), y la sanci\u00f3n inmediata de la Ley 24.954 de Excedentes, producto de un acuerdo pol\u00edtico-econ\u00f3mico entre las provincias de Misiones, Corrientes y Entre R\u00edos con el Gobierno nacional por el cual se reconocen los da\u00f1os que ha causado la construcci\u00f3n de la Represa de Salto Grande, como as\u00ed tambi\u00e9n los da\u00f1os que causa la generaci\u00f3n de la energ\u00eda segundo a segundo. Tambi\u00e9n en el a\u00f1o 1998 se sancion\u00f3 la Ley provincial 9.140 que cre\u00f3 la Cafesg para administrar dichos fondos, con el Senado de mayor\u00eda radical\u201d y sostuvo que ahora este proyecto \u201cmanda expresamente a gestionar la provincializaci\u00f3n de la generadora de energ\u00eda construida en nuestra provincia\u201d.<\/p>\n<p>&nbsp;<\/p>\n<p>\u201cHace 20 meses que el Gobierno nacional no cumple con la Ley 24.954 al no remitir los fondos para resarcir los da\u00f1os (a la salud, ambientales, erosi\u00f3n, tierras improductivas, etc\u00e9tera) que provoc\u00f3 la represa desde su construcci\u00f3n, y mitigar los da\u00f1os que nos causa al generar energ\u00eda, sumado a la no ejecuci\u00f3n de la obra inconclusa\u201d, asever\u00f3 Giano.<\/p>\n<p>&nbsp;<\/p>\n<p>\u201cAdem\u00e1s, es desde Naci\u00f3n que fijan las tarifas discriminando a las generadoras privadas de las p\u00fablicas (como Salto Grande) con una tarifa para las p\u00fablicas que no es real: hoy 240 pesos cuando el valor de mercado es de m\u00ednimo 1.200 pesos. Inclusive las generadoras privadas perciben m\u00e1s de 1.400 pesos. Y tanto Enersa como las Cooperativas El\u00e9ctricas entrerrianas la pagan 600 pesos\u201d, cuestion\u00f3.<\/p>\n<p>&nbsp;<\/p>\n<p>Es decir, \u201cno tenemos excedentes y menos regal\u00edas porque el Gobierno nacional decidi\u00f3 fijar una tarifa para que no alcance, incumpliendo leyes nacionales y la Constituci\u00f3n Provincial\u201d.<\/p>\n<p>&nbsp;<\/p>\n<p>En este sentido, el Senador explic\u00f3: \u201cNo es lo mismo que nos paguen de regal\u00edas el 12 por ciento de 240 pesos, que el 12 por ciento de 1.400 pesos, por lo que es grande el perjuicio que le ocasiona a Entre R\u00edos, no solo a los departamentos m\u00e1s afectados como Federaci\u00f3n y Concordia, ya que la Secretar\u00eda de Energ\u00eda tiene menos recursos para el Fondo de Desarrollo Energ\u00e9tico\u201d.<\/p>\n<p>&nbsp;<\/p>\n<p>\u201cNo nos cumplen con el pago de excedentes, nos pagan cinco veces menos el valor de las regal\u00edas y encima el Gobierno provincial tiene que hacerse cargo del sueldo de los empleados de Cafesg y de los gastos operativos, a pesar que seg\u00fan la ley el Gobierno nacional tiene la obligaci\u00f3n de enviar los fondos para el funcionamiento de ese organismo\u201d, enfatiz\u00f3 Giano.<\/p>\n<p>&nbsp;<\/p>\n<p>\u201cLa falta de funcionamiento de la Cafesg paraliza cinco mil puestos de trabajo en la obra p\u00fablica que generaba directa e indirectamente\u00a0 y por las acciones de desarrollo regional en ocho departamentos de Entre R\u00edos\u201d, agreg\u00f3.<\/p>\n<p>&nbsp;<\/p>\n<p>\u201cAdem\u00e1s, esta situaci\u00f3n se agrava desde el momento en el que el presidente Mauricio Macri sale a respaldar una provincia en detrimento de todas las dem\u00e1s, como lo hizo en ante la demanda que Buenos Aires present\u00f3 en la Corte Suprema, sin respetar la divisi\u00f3n de poderes. Si el planteo de Buenos Aires es aceptado, Entre R\u00edos dejar\u00eda de percibir entre 3.500 y 4.100 millones de pesos menos por a\u00f1o y los Municipios 700 millones, que afectar\u00e1 claramente la prestaci\u00f3n de servicios, la ejecuci\u00f3n de obra p\u00fablica y programas sociales para los entrerrianos m\u00e1s vulnerables\u201d, advirti\u00f3.<\/p>\n<p>&nbsp;<\/p>\n<p>\u201cTampoco hay nuevas viviendas, siguen inaugurando las gestionadas por la \u2018pesada herencia\u2019, al igual que obras en territorio provincial, que el 90 por ciento se realizan con recursos del Gobierno provincial. No concluyen la autopista 18 que depende de Vialidad Nacional sin importarles los accidentes que ocurren y ocurrir\u00e1n y las familias afectadas, entre tantos perjuicios a los entrerrianos. Sobre esto tampoco hablan los delegados de Macri, hoy candidatos a diputados nacionales por Entre R\u00edos\u201d, manifest\u00f3.<\/p>\n<p>&nbsp;<\/p>\n<p>En ese marco, \u201cel gobernador Gustavo Bordet nos pidi\u00f3 el a\u00f1o pasado que presentemos un proyecto en el Senado entrerriano para volver a buscar consensos necesarios con todas las fuerzas pol\u00edticas en reclamo de nuestros derechos. No s\u00f3lo sobre la propiedad de la represa y poder comercializar la energ\u00eda, sino al pago de las regal\u00edas por ocuparnos nuestro territorio, usarnos nuestros recursos naturales (el r\u00edo y su energ\u00eda), el pago de los excedentes y que se haga justicia con el hist\u00f3rico reclamo de pagar la energ\u00eda el\u00e9ctrica m\u00e1s barata\u201d, indic\u00f3.<\/p>\n<p>&nbsp;<\/p>\n<p>\u201cEso hicimos. El proyecto ingres\u00f3 en diciembre de 2016. Le dimos difusi\u00f3n a principio del corriente a\u00f1o, realizamos reuniones con intendentes de todos los signos pol\u00edticos, obtuvimos adhesiones de Concejos Deliberantes y finalmente se sancion\u00f3 la Ley con el apoyo de Senadores del Frente Cambiemos\u201d, a\u00f1adi\u00f3 luego.<\/p>\n<p>&nbsp;<\/p>\n<p>\u201cPor eso a la pregunta \u00bfpor qu\u00e9 ahora?, las respuestas son las mencionadas y detalladas, entre otras. Son las que acompa\u00f1a desde la sobriedad del estudio y desde el compromiso de la \u00e9tica. \u00bfPor qu\u00e9 ahora? porque es un momento hist\u00f3rico y queremos vivir con lo nuestro como dec\u00eda Aldo Ferrer, que nos valoren nuestros recursos naturales, un per\u00edodo crucial que exige soluciones innovadoras, proyectos superadores y una clara determinaci\u00f3n institucional que redundar\u00e1 siempre en beneficios de los entrerrianos en su conjunto\u201d, asegur\u00f3.<\/p>\n<p>&nbsp;<\/p>\n<p>\u201cEste proceso que evidencia la verdadera voluntad pol\u00edtica del gobernador Bordet de saldar una deuda hist\u00f3rica que la Naci\u00f3n tiene con el pueblo entrerriano; una b\u00fasqueda en la que nos gustar\u00eda contar con el apoyo sincero de nuestros pares de la oposici\u00f3n. Porque si algo nos tiene que unir, m\u00e1s all\u00e1 de cualquier diferencia ideol\u00f3gica, es la defensa de los intereses y los derechos de los entrerrianos. Como dice un conocido refr\u00e1n: no importa qui\u00e9n lleva el palo, lo que importa es la bandera\u201d, finaliza el texto.<\/p>\n","protected":false},"excerpt":{"rendered":"<p>Ante las cr\u00edticas de algunos dirigentes de Cambiemos que cuestionan que no se haya propuesto la provincializaci\u00f3n de Salto Grande durante las tres gestiones kirchneristas, el senador provincial \u00c1ngel Giano explic\u00f3 detalladamente \u201cpor qu\u00e9 ahora\u201d se realiza este reclamo. Adem\u00e1s pidi\u00f3 a la oposici\u00f3n que respalde esta iniciativa: \u201cSi algo nos tiene que unir, m\u00e1s all\u00e1 de cualquier diferencia ideol\u00f3gica, es la defensa de los intereses y los derechos de los entrerrianos\u201d, dijo &nbsp; &nbsp; &nbsp; \u201c\u00bfPor qu\u00e9 ahora?\u201d se titula un comunicado que el presidente del bloque de senadores&#8230;<\/p>\n","protected":false},"author":3,"featured_media":18279,"comment_status":"closed","ping_status":"closed","sticky":false,"template":"","format":"standard","meta":[],"categories":[15],"tags":[],"_links":{"self":[{"href":"https:\/\/www.actualidadadiario.com\/index.php\/wp-json\/wp\/v2\/posts\/18278"}],"collection":[{"href":"https:\/\/www.actualidadadiario.com\/index.php\/wp-json\/wp\/v2\/posts"}],"about":[{"href":"https:\/\/www.actualidadadiario.com\/index.php\/wp-json\/wp\/v2\/types\/post"}],"author":[{"embeddable":true,"href":"https:\/\/www.actualidadadiario.com\/index.php\/wp-json\/wp\/v2\/users\/3"}],"replies":[{"embeddable":true,"href":"https:\/\/www.actualidadadiario.com\/index.php\/wp-json\/wp\/v2\/comments?post=18278"}],"version-history":[{"count":1,"href":"https:\/\/www.actualidadadiario.com\/index.php\/wp-json\/wp\/v2\/posts\/18278\/revisions"}],"predecessor-version":[{"id":18280,"href":"https:\/\/www.actualidadadiario.com\/index.php\/wp-json\/wp\/v2\/posts\/18278\/revisions\/18280"}],"wp:featuredmedia":[{"embeddable":true,"href":"https:\/\/www.actualidadadiario.com\/index.php\/wp-json\/wp\/v2\/media\/18279"}],"wp:attachment":[{"href":"https:\/\/www.actualidadadiario.com\/index.php\/wp-json\/wp\/v2\/media?parent=18278"}],"wp:term":[{"taxonomy":"category","embeddable":true,"href":"https:\/\/www.actualidadadiario.com\/index.php\/wp-json\/wp\/v2\/categories?post=18278"},{"taxonomy":"post_tag","embeddable":true,"href":"https:\/\/www.actualidadadiario.com\/index.php\/wp-json\/wp\/v2\/tags?post=18278"}],"curies":[{"name":"wp","href":"https:\/\/api.w.org\/{rel}","templated":true}]}}