{"id":18275,"date":"2017-10-04T10:17:31","date_gmt":"2017-10-04T13:17:31","guid":{"rendered":"http:\/\/actualidadadiario.com\/site\/?p=18275"},"modified":"2017-10-04T10:17:31","modified_gmt":"2017-10-04T13:17:31","slug":"la-caja-de-jubilaciones-de-la-provincia-no-tiene-posibilidad-de-transferencia","status":"publish","type":"post","link":"https:\/\/www.actualidadadiario.com\/index.php\/2017\/10\/04\/la-caja-de-jubilaciones-de-la-provincia-no-tiene-posibilidad-de-transferencia\/","title":{"rendered":"La Caja de Jubilaciones de la provincia &#8220;no tiene posibilidad de transferencia&#8221;"},"content":{"rendered":"<p><em><strong>El titular de la Caja de Jubilaciones y Pensiones de Entre R\u00edos, Daniel El\u00edas, as\u00ed lo asegur\u00f3 delante de los representantes de la Federaci\u00f3n de Jubilados y Pensionados Provinciales de Entre R\u00edos<\/strong><\/em><\/p>\n<p>&nbsp;<\/p>\n<p>&nbsp;<\/p>\n<p>&nbsp;<\/p>\n<p>Los miembros de la comisi\u00f3n directiva de la Federaci\u00f3n de Jubilados y Pensionados Provinciales de Entre R\u00edos fueron recibidos por el titular de la Caja de Jubilaciones y Pensiones de Entre R\u00edos, Daniel El\u00edas. El motivo fue analizar la situaci\u00f3n de la Caja ante diversos comentarios y publicaciones en los medios de comunicaci\u00f3n.<\/p>\n<p>&nbsp;<\/p>\n<p>Al respecto, El\u00edas dijo que &#8220;la Caja de la provincia no tiene ninguna posibilidad de transferencia, es inamovible en t\u00e9rmino de la pertenencia al gobierno provincial. La Caja fue creada por la Ley 3.600 de la administraci\u00f3n provincial y tampoco est\u00e1 recibiendo presi\u00f3n del gobierno nacional&#8221;.<\/p>\n<p>&nbsp;<\/p>\n<p>Por su parte, L\u00eda Zubielqui, presidenta de la Federaci\u00f3n, afirm\u00f3 que &#8220;venimos con inquietud porque nos llaman los jubilados para ver qu\u00e9 pasa con la Caja. En esta reuni\u00f3n el doctor El\u00edas ha hecho una larga exposici\u00f3n donde nos dice sobre la presentaci\u00f3n de la documentaci\u00f3n que Administraci\u00f3n Nacional de la Seguridad Social (Anses) pide y va a ser entregada antes de fin de a\u00f1o. Pero aclar\u00f3 que no hay pedido de modificaci\u00f3n al 82 por ciento m\u00f3vil&#8221;.<\/p>\n<p>&nbsp;<\/p>\n<p>Malena Calder\u00f3n, integrante de la comisi\u00f3n, agreg\u00f3: &#8220;El\u00edas nos dijo que no hay peligro de transferencia y tiene raz\u00f3n porque ser\u00eda inconstitucional. Se habla de armonizaci\u00f3n pero \u00e9l cree que primero se deben dar condiciones para igualar los sistemas previsionales sin tener que tocar las leyes provinciales. Esa es su opini\u00f3n. Nos da tranquilidad en cuanto a que no es necesario modificar los reg\u00edmenes provinciales&#8221;.<\/p>\n<p>&nbsp;<\/p>\n<p>Zubielqui record\u00f3 la afirmaci\u00f3n de El\u00edas. &#8220;Se reclama a Naci\u00f3n que las provincias que no han sido transferidas tengan el mismo trato a las que s\u00ed fueron transferidas. Se reclama un trato igualitario&#8221;, recalc\u00f3.<\/p>\n<p>&nbsp;<\/p>\n<p>En otro orden de cosas se volvi\u00f3 a insistir con el carnet de jubilados. La secretaria de la Federaci\u00f3n, Griselda Grilli, dijo que pidieron &#8220;la obtenci\u00f3n de un carnet para todos los jubilados, que por una cosa u otra todav\u00eda no se cristaliz\u00f3. El\u00edas nos pidi\u00f3 dos meses m\u00e1s para tratar de solucionar este tema. Le dimos la opci\u00f3n de que la Federaci\u00f3n pudiera emitir el carnet. No hizo ninguna objeci\u00f3n, pero observ\u00f3 que no ser\u00eda un documento oficial&#8221;.<\/p>\n","protected":false},"excerpt":{"rendered":"<p>El titular de la Caja de Jubilaciones y Pensiones de Entre R\u00edos, Daniel El\u00edas, as\u00ed lo asegur\u00f3 delante de los representantes de la Federaci\u00f3n de Jubilados y Pensionados Provinciales de Entre R\u00edos &nbsp; &nbsp; &nbsp; Los miembros de la comisi\u00f3n directiva de la Federaci\u00f3n de Jubilados y Pensionados Provinciales de Entre R\u00edos fueron recibidos por el titular de la Caja de Jubilaciones y Pensiones de Entre R\u00edos, Daniel El\u00edas. El motivo fue analizar la situaci\u00f3n de la Caja ante diversos comentarios y publicaciones en los medios de comunicaci\u00f3n. &nbsp; Al&#8230;<\/p>\n","protected":false},"author":3,"featured_media":18276,"comment_status":"closed","ping_status":"closed","sticky":false,"template":"","format":"standard","meta":[],"categories":[9,15],"tags":[],"_links":{"self":[{"href":"https:\/\/www.actualidadadiario.com\/index.php\/wp-json\/wp\/v2\/posts\/18275"}],"collection":[{"href":"https:\/\/www.actualidadadiario.com\/index.php\/wp-json\/wp\/v2\/posts"}],"about":[{"href":"https:\/\/www.actualidadadiario.com\/index.php\/wp-json\/wp\/v2\/types\/post"}],"author":[{"embeddable":true,"href":"https:\/\/www.actualidadadiario.com\/index.php\/wp-json\/wp\/v2\/users\/3"}],"replies":[{"embeddable":true,"href":"https:\/\/www.actualidadadiario.com\/index.php\/wp-json\/wp\/v2\/comments?post=18275"}],"version-history":[{"count":1,"href":"https:\/\/www.actualidadadiario.com\/index.php\/wp-json\/wp\/v2\/posts\/18275\/revisions"}],"predecessor-version":[{"id":18277,"href":"https:\/\/www.actualidadadiario.com\/index.php\/wp-json\/wp\/v2\/posts\/18275\/revisions\/18277"}],"wp:featuredmedia":[{"embeddable":true,"href":"https:\/\/www.actualidadadiario.com\/index.php\/wp-json\/wp\/v2\/media\/18276"}],"wp:attachment":[{"href":"https:\/\/www.actualidadadiario.com\/index.php\/wp-json\/wp\/v2\/media?parent=18275"}],"wp:term":[{"taxonomy":"category","embeddable":true,"href":"https:\/\/www.actualidadadiario.com\/index.php\/wp-json\/wp\/v2\/categories?post=18275"},{"taxonomy":"post_tag","embeddable":true,"href":"https:\/\/www.actualidadadiario.com\/index.php\/wp-json\/wp\/v2\/tags?post=18275"}],"curies":[{"name":"wp","href":"https:\/\/api.w.org\/{rel}","templated":true}]}}